{"id":898,"date":"2008-07-08T22:22:20","date_gmt":"2008-07-08T20:22:20","guid":{"rendered":"http:\/\/www.budo-do-tameshi.de\/cms\/?p=898"},"modified":"2018-02-23T08:37:35","modified_gmt":"2018-02-23T07:37:35","slug":"30-sport-spielfest-kickbox-kinder-begeistern-die-zuschauer","status":"publish","type":"post","link":"http:\/\/www.budo-do-tameshi.de\/cms\/2008\/07\/08\/30-sport-spielfest-kickbox-kinder-begeistern-die-zuschauer\/","title":{"rendered":"30. SPORT &#038; SPIELFEST <br>Kickbox Kinder begeistern die Zuschauer"},"content":{"rendered":"<p><span class=\"foto\">Fotos: Michael Ihringer<\/span><\/p>\n<p><img decoding=\"async\" src=\"http:\/\/www.budo-do-tameshi.de\/cms\/wp-content\/uploads\/2008\/07\/dsc_0862.jpg\" title=\"dsc_0862.jpg\" alt=\"dsc_0862.jpg\" align=\"right\" hspace=\"10\" \/>\u00dcber 10.000 Besucher kamen am Sonntag (29.06.08) bei strahlendem Sonnenschein in den Darmst\u00e4dter Herrngarten. Mehr als drei\u00dfig Vereine  pr\u00e4sentierten an Spielst\u00e4nden und auf der B\u00fchne ihren Sport.<\/p>\n<p>Unser Verein beteiligte sich ebenfalls mit zwei Showeinlagen. Neben unseren Landes- und Nationalk\u00e4mpfern zeigten auch unsere J\u00fcngsten ihr K\u00f6nnen. Gezeigt wurde ein kleiner Querschnitt aus unserem Trainingsprogramm. Verschiedene Faust und Fu\u00dftechniken, mit und ohne Partner, an der Pratze im Sparring und in der freien Bewegung zur Musik. Die Showeinlagen fanden bei den Zuschauern gro\u00dfen Anklang und Applaus. Besonders begeisterten dabei das Publikum die Leistungen unserer Kickbox Kinder.<\/p>\n<p><span class=\"foto\">Foto rechts: Nikita &#8211; mit 5 Jahren der j\u00fcngste BDT K\u00e4mpfer<\/span><\/p>\n<p><!--more--><br \/>\n<br clear=\"all\" \/><\/p>\n<p><img decoding=\"async\" src=\"http:\/\/www.budo-do-tameshi.de\/cms\/wp-content\/uploads\/2008\/07\/sf_08_dsc_0754.jpg\" alt=\"sf_08_dsc_0754.jpg\" \/><span class=\"bildunterschrift\">Kindergruppe mit Roundkick<\/span><br clear=\"all\" \/><img decoding=\"async\" src=\"http:\/\/www.budo-do-tameshi.de\/cms\/wp-content\/uploads\/2008\/07\/sf_08_dsc_0753.jpg\" alt=\"sf_08_dsc_0753.jpg\" \/><span class=\"bildunterschrift\">Kindergruppe mit Frontkick<\/span><br clear=\"all\" \/><img decoding=\"async\" src=\"http:\/\/www.budo-do-tameshi.de\/cms\/wp-content\/uploads\/2008\/07\/sf_08_dsc_0765.jpg\" alt=\"sf_08_dsc_0765.jpg\" \/> <img decoding=\"async\" src=\"http:\/\/www.budo-do-tameshi.de\/cms\/wp-content\/uploads\/2008\/07\/sf_08_dsc_0767.jpg\" alt=\"sf_08_dsc_0767.jpg\" \/><code>(von links) Melisa \u00d6., Anna-Lena, Dominik<\/code><code>(von links) Maximilian, Melisa G., Edris<\/code><\/p>\n<p><img decoding=\"async\" src=\"http:\/\/www.budo-do-tameshi.de\/cms\/wp-content\/uploads\/2008\/07\/sf_08_dsc_0862.jpg\" alt=\"sf_08_dsc_0862.jpg\" \/> <img decoding=\"async\" src=\"http:\/\/www.budo-do-tameshi.de\/cms\/wp-content\/uploads\/2008\/07\/sf_08_dsc_0864.jpg\" alt=\"sf_08_dsc_0864.jpg\" \/><code>Nikita wehrt ab<\/code><code>Nikita in Aktion<\/code><\/p>\n<p><img decoding=\"async\" src=\"http:\/\/www.budo-do-tameshi.de\/cms\/wp-content\/uploads\/2008\/07\/sf_08_dsc_0756.jpg\" alt=\"sf_08_dsc_0756.jpg\" \/> <img decoding=\"async\" src=\"http:\/\/www.budo-do-tameshi.de\/cms\/wp-content\/uploads\/2008\/07\/sf_08_dsc_0901.jpg\" alt=\"sf_08_dsc_0901.jpg\" \/><code>Lisa kickt<\/code><code>Daniel im Sprung<\/code><\/p>\n<p><img decoding=\"async\" src=\"http:\/\/www.budo-do-tameshi.de\/cms\/wp-content\/uploads\/2008\/07\/sf_08_dsc_0854.jpg\" alt=\"sf_08_dsc_0854.jpg\" \/> <img decoding=\"async\" src=\"http:\/\/www.budo-do-tameshi.de\/cms\/wp-content\/uploads\/2008\/07\/sf_08_dsc_0917.jpg\" alt=\"sf_08_dsc_0917.jpg\" \/><code>Edris mit Axtkick<\/code><code>Edris in Aktion<\/code><\/p>\n<p><img src='http:\/\/www.budo-do-tameshi.de\/cms\/wp-content\/uploads\/2008\/07\/sf_08_dsc_0914.jpg' alt='sf_08_dsc_0914.jpg' \/> <img src='http:\/\/www.budo-do-tameshi.de\/cms\/wp-content\/uploads\/2008\/07\/sf_08_dsc_0812.jpg' alt='sf_08_dsc_0812.jpg' \/><code>Cemre voll konzentriert<\/code><code>Anna-Lena mit Roundkick<\/code><\/p>\n<p><img src='http:\/\/www.budo-do-tameshi.de\/cms\/wp-content\/uploads\/2008\/07\/sf_08_dsc_0935.jpg' alt='sf_08_dsc_0935.jpg' \/><span class=\"bildunterschrift\">(von links) Cemre, Daniel, Nikita, Maximilian, Melisa G., Dominik, Anna-Lena, Melisa \u00d6., Lisa, Jimmy und Edris<\/span><\/p>\n","protected":false},"excerpt":{"rendered":"<p>Fotos: Michael Ihringer \u00dcber 10.000 Besucher kamen am Sonntag (29.06.08) bei strahlendem Sonnenschein in den Darmst\u00e4dter Herrngarten. Mehr als drei\u00dfig Vereine pr\u00e4sentierten an Spielst\u00e4nden und auf der B\u00fchne ihren Sport. Unser Verein beteiligte sich ebenfalls mit zwei Showeinlagen. Neben unseren Landes- und Nationalk\u00e4mpfern zeigten auch unsere J\u00fcngsten ihr K\u00f6nnen. Gezeigt wurde ein kleiner Querschnitt aus [&hellip;]<\/p>\n","protected":false},"author":2,"featured_media":0,"comment_status":"closed","ping_status":"closed","sticky":false,"template":"","format":"standard","meta":{"footnotes":""},"categories":[3],"tags":[],"class_list":["post-898","post","type-post","status-publish","format-standard","hentry","category-3"],"_links":{"self":[{"href":"http:\/\/www.budo-do-tameshi.de\/cms\/wp-json\/wp\/v2\/posts\/898","targetHints":{"allow":["GET"]}}],"collection":[{"href":"http:\/\/www.budo-do-tameshi.de\/cms\/wp-json\/wp\/v2\/posts"}],"about":[{"href":"http:\/\/www.budo-do-tameshi.de\/cms\/wp-json\/wp\/v2\/types\/post"}],"author":[{"embeddable":true,"href":"http:\/\/www.budo-do-tameshi.de\/cms\/wp-json\/wp\/v2\/users\/2"}],"replies":[{"embeddable":true,"href":"http:\/\/www.budo-do-tameshi.de\/cms\/wp-json\/wp\/v2\/comments?post=898"}],"version-history":[{"count":1,"href":"http:\/\/www.budo-do-tameshi.de\/cms\/wp-json\/wp\/v2\/posts\/898\/revisions"}],"predecessor-version":[{"id":6262,"href":"http:\/\/www.budo-do-tameshi.de\/cms\/wp-json\/wp\/v2\/posts\/898\/revisions\/6262"}],"wp:attachment":[{"href":"http:\/\/www.budo-do-tameshi.de\/cms\/wp-json\/wp\/v2\/media?parent=898"}],"wp:term":[{"taxonomy":"category","embeddable":true,"href":"http:\/\/www.budo-do-tameshi.de\/cms\/wp-json\/wp\/v2\/categories?post=898"},{"taxonomy":"post_tag","embeddable":true,"href":"http:\/\/www.budo-do-tameshi.de\/cms\/wp-json\/wp\/v2\/tags?post=898"}],"curies":[{"name":"wp","href":"https:\/\/api.w.org\/{rel}","templated":true}]}}