{"id":8369,"date":"2025-12-09T08:08:48","date_gmt":"2025-12-09T07:08:48","guid":{"rendered":"https:\/\/www.budo-do-tameshi.de\/cms\/?p=8369"},"modified":"2025-12-09T08:08:48","modified_gmt":"2025-12-09T07:08:48","slug":"lehrgang-fuer-sv-und-fallschule","status":"publish","type":"post","link":"http:\/\/www.budo-do-tameshi.de\/cms\/2025\/12\/09\/lehrgang-fuer-sv-und-fallschule\/","title":{"rendered":"Lehrgang f\u00fcr SV und Fallschule"},"content":{"rendered":"\n<p class=\"aufmacher\"><img loading=\"lazy\" decoding=\"async\" width=\"150\" height=\"250\" class=\"wp-image-8370\" style=\"width: 150px;\" src=\"http:\/\/www.budo-do-tameshi.de\/cms\/wp-content\/uploads\/2025\/12\/DSC_1241-scaled.jpg\" alt=\"\" srcset=\"http:\/\/www.budo-do-tameshi.de\/cms\/wp-content\/uploads\/2025\/12\/DSC_1241-scaled.jpg 1535w, http:\/\/www.budo-do-tameshi.de\/cms\/wp-content\/uploads\/2025\/12\/DSC_1241-180x300.jpg 180w, http:\/\/www.budo-do-tameshi.de\/cms\/wp-content\/uploads\/2025\/12\/DSC_1241-550x917.jpg 550w, http:\/\/www.budo-do-tameshi.de\/cms\/wp-content\/uploads\/2025\/12\/DSC_1241-200x334.jpg 200w, http:\/\/www.budo-do-tameshi.de\/cms\/wp-content\/uploads\/2025\/12\/DSC_1241-768x1281.jpg 768w, http:\/\/www.budo-do-tameshi.de\/cms\/wp-content\/uploads\/2025\/12\/DSC_1241-921x1536.jpg 921w, http:\/\/www.budo-do-tameshi.de\/cms\/wp-content\/uploads\/2025\/12\/DSC_1241-1228x2048.jpg 1228w\" sizes=\"auto, (max-width: 150px) 100vw, 150px\" \/>Zur Vorbereitung f\u00fcr die anstehenden G\u00fcrtelpr\u00fcfungen im Dezember auf Landes- und Vereinsebene, stand am 29.11.25 auf unserem Ausbildungsprogramm ein intensiver Lehrgang f\u00fcr die Selbstverteidigung und Fallschule.<\/p>\n\n\n\n<p>Insgesamt 39 Teilnehmer aus unserem Verein, sowie G\u00e4ste aus Erfelden, Mainz und Frankfurt besuchten den Lehrgang. Geleitet wurde das f\u00fcnfst\u00fcndige Training von unserem Funktionsstrainer f\u00fcr Aus- und Fortbildung Jimmy Iwinski (6.Dan) und SV Spezialist Millard Emrich (1.Dan).<\/p>\n\n\n\n<p>Trainingsinhalte des Lehrgangs waren die nach dem aktuellen Pr\u00fcfungsprogramm geforderten Basiselemente zur Selbstverteidigung + Fallschule f\u00fcr den gelben, orangen, gr\u00fcnen, blauen, braunen und schwarzen G\u00fcrtel. Die schwei\u00dftreibende und intensive Umsetzung der \u00dcbungen erfolgte mit und ohne Partner.<\/p>\n\n\n\n<!--more-->\n\n\n\n<p>Die G\u00fcrtelpr\u00fcfungen bei uns im Verein erfolgen vor den Weihnachtsferien:<\/p>\n\n\n\n<p>Dienstag, den 16.12.25 ab 18:00 Uhr f\u00fcr die Kindergruppe.&nbsp;&nbsp;&nbsp;<\/p>\n\n\n\n<p>Mittwoch, den 17.12.25 ab 17:00 Uhr f\u00fcr die Jugend- und ab 19:00 Uhr f\u00fcr die Erwachsenengruppe.<\/p>\n\n\n\n<p>Die hessische Zentralpr\u00fcfung f\u00fcr braun und schwarz ist am 13.12.25 in Gie\u00dfen.<\/p>\n\n\n\n<p>Wir w\u00fcnschen allen Pr\u00fcflingen viel Erfolg.<\/p>\n\n\n\n<p>Foto: Jimmy Iwinski<\/p>\n\n\n\n<figure class=\"wp-block-image size-large\"><img loading=\"lazy\" decoding=\"async\" width=\"550\" height=\"324\" src=\"https:\/\/www.budo-do-tameshi.de\/cms\/wp-content\/uploads\/2025\/12\/DSC_1238-550x324.jpg\" alt=\"\" class=\"wp-image-8371\" srcset=\"http:\/\/www.budo-do-tameshi.de\/cms\/wp-content\/uploads\/2025\/12\/DSC_1238-550x324.jpg 550w, http:\/\/www.budo-do-tameshi.de\/cms\/wp-content\/uploads\/2025\/12\/DSC_1238-300x177.jpg 300w, http:\/\/www.budo-do-tameshi.de\/cms\/wp-content\/uploads\/2025\/12\/DSC_1238-200x118.jpg 200w, http:\/\/www.budo-do-tameshi.de\/cms\/wp-content\/uploads\/2025\/12\/DSC_1238-768x453.jpg 768w, http:\/\/www.budo-do-tameshi.de\/cms\/wp-content\/uploads\/2025\/12\/DSC_1238-1536x906.jpg 1536w, http:\/\/www.budo-do-tameshi.de\/cms\/wp-content\/uploads\/2025\/12\/DSC_1238-2048x1208.jpg 2048w\" sizes=\"auto, (max-width: 550px) 100vw, 550px\" \/><figcaption class=\"wp-element-caption\">Teilnehmerteam mit Millard<\/figcaption><\/figure>\n","protected":false},"excerpt":{"rendered":"<p>Zur Vorbereitung f\u00fcr die anstehenden G\u00fcrtelpr\u00fcfungen im Dezember auf Landes- und Vereinsebene, stand am 29.11.25 auf unserem Ausbildungsprogramm ein intensiver Lehrgang f\u00fcr die Selbstverteidigung und Fallschule. Insgesamt 39 Teilnehmer aus unserem Verein, sowie G\u00e4ste aus Erfelden, Mainz und Frankfurt besuchten den Lehrgang. Geleitet wurde das f\u00fcnfst\u00fcndige Training von unserem Funktionsstrainer f\u00fcr Aus- und Fortbildung Jimmy [&hellip;]<\/p>\n","protected":false},"author":3,"featured_media":0,"comment_status":"closed","ping_status":"closed","sticky":false,"template":"","format":"standard","meta":{"footnotes":""},"categories":[34],"tags":[],"class_list":["post-8369","post","type-post","status-publish","format-standard","hentry","category-34"],"_links":{"self":[{"href":"http:\/\/www.budo-do-tameshi.de\/cms\/wp-json\/wp\/v2\/posts\/8369","targetHints":{"allow":["GET"]}}],"collection":[{"href":"http:\/\/www.budo-do-tameshi.de\/cms\/wp-json\/wp\/v2\/posts"}],"about":[{"href":"http:\/\/www.budo-do-tameshi.de\/cms\/wp-json\/wp\/v2\/types\/post"}],"author":[{"embeddable":true,"href":"http:\/\/www.budo-do-tameshi.de\/cms\/wp-json\/wp\/v2\/users\/3"}],"replies":[{"embeddable":true,"href":"http:\/\/www.budo-do-tameshi.de\/cms\/wp-json\/wp\/v2\/comments?post=8369"}],"version-history":[{"count":1,"href":"http:\/\/www.budo-do-tameshi.de\/cms\/wp-json\/wp\/v2\/posts\/8369\/revisions"}],"predecessor-version":[{"id":8372,"href":"http:\/\/www.budo-do-tameshi.de\/cms\/wp-json\/wp\/v2\/posts\/8369\/revisions\/8372"}],"wp:attachment":[{"href":"http:\/\/www.budo-do-tameshi.de\/cms\/wp-json\/wp\/v2\/media?parent=8369"}],"wp:term":[{"taxonomy":"category","embeddable":true,"href":"http:\/\/www.budo-do-tameshi.de\/cms\/wp-json\/wp\/v2\/categories?post=8369"},{"taxonomy":"post_tag","embeddable":true,"href":"http:\/\/www.budo-do-tameshi.de\/cms\/wp-json\/wp\/v2\/tags?post=8369"}],"curies":[{"name":"wp","href":"https:\/\/api.w.org\/{rel}","templated":true}]}}