{"id":8358,"date":"2025-10-27T07:34:36","date_gmt":"2025-10-27T06:34:36","guid":{"rendered":"https:\/\/www.budo-do-tameshi.de\/cms\/?p=8358"},"modified":"2025-10-27T07:34:36","modified_gmt":"2025-10-27T06:34:36","slug":"trainer-lizenz-fuer-mariam-aouragh","status":"publish","type":"post","link":"http:\/\/www.budo-do-tameshi.de\/cms\/2025\/10\/27\/trainer-lizenz-fuer-mariam-aouragh\/","title":{"rendered":"Trainer-Lizenz f\u00fcr Mariam Aouragh"},"content":{"rendered":"\n<p class=\"aufmacher\">Am<img loading=\"lazy\" decoding=\"async\" width=\"150\" height=\"295\" class=\"wp-image-8359\" style=\"width: 150px;\" src=\"http:\/\/www.budo-do-tameshi.de\/cms\/wp-content\/uploads\/2025\/10\/DSC_1207-scaled.jpg\" alt=\"\" srcset=\"http:\/\/www.budo-do-tameshi.de\/cms\/wp-content\/uploads\/2025\/10\/DSC_1207-scaled.jpg 1301w, http:\/\/www.budo-do-tameshi.de\/cms\/wp-content\/uploads\/2025\/10\/DSC_1207-153x300.jpg 153w, http:\/\/www.budo-do-tameshi.de\/cms\/wp-content\/uploads\/2025\/10\/DSC_1207-521x1024.jpg 521w, http:\/\/www.budo-do-tameshi.de\/cms\/wp-content\/uploads\/2025\/10\/DSC_1207-200x393.jpg 200w, http:\/\/www.budo-do-tameshi.de\/cms\/wp-content\/uploads\/2025\/10\/DSC_1207-768x1511.jpg 768w, http:\/\/www.budo-do-tameshi.de\/cms\/wp-content\/uploads\/2025\/10\/DSC_1207-781x1536.jpg 781w, http:\/\/www.budo-do-tameshi.de\/cms\/wp-content\/uploads\/2025\/10\/DSC_1207-1041x2048.jpg 1041w\" sizes=\"auto, (max-width: 150px) 100vw, 150px\" \/> Wochenende (18.\/19.10.25) wurde die Trainerausbildung des HKBV zur diesj\u00e4hrigen C-Lizenz Breitensport mit der schriftlichen und praktischen Pr\u00fcfung im Hessischen Leistungszentrum in Darmstadt abgeschlossen.<\/p>\n\n\n\n<p>Unter der Leitung des Funktionstrainers f\u00fcr Aus- und Fortbildung Jimmy Iwinski und WAKO Pr\u00e4sident Oliver Hahl begann im April die sechsmonatige Ausbildung an jeweils sechs Wochenenden \u00fcber insgesamt 120 Unterrichtseinheiten (UE). Erarbeitet wurden in Theorie und Praxis alle f\u00fcr die Trainer C-Lizenz Breitensport relevanten Themenbereiche.<\/p>\n\n\n\n<p>Von unserem Verein war Mariam Aouragh mit dabei, die mit guten, \u00fcberzeugenden Leistungen die Ausbildung abschlie\u00dfen konnte, wir gratulieren.<\/p>\n\n\n\n<p>Das Fazit der Gesamtausbildung zur C-Lizenz ist positiv. Von den 10 Teilnehmern konnten allerdings drei, aus privaten Gr\u00fcnden die Ausbildung nicht abschlie\u00dfen. Sie haben im n\u00e4chsten Jahr allerdings die M\u00f6glichkeit zur Nachpr\u00fcfung.<\/p>\n\n\n\n<!--more-->\n\n\n\n<p>Die anderen Teilnehmer konnten die Ausbildung erfolgreich abschlie\u00dfen. Die Erfolgreichsten Absolventen waren J\u00f6rg Krier, Nicolas Thiem, Nadezhda Patotschka und Timm Clausen mit sehr guten Leistungen, gefolgt von Mariam Aouragh die mit gut abschloss. Die Leistungen von Cosima Hergenr\u00f6ther und Mohammad Hosseini waren zufriedenstellend.<\/p>\n\n\n\n<p>Ein positives Merkmal der Ausbildung war auch in diesem Jahr bei den Absolventen die gute Zusammenarbeit, sowie der rege Erfahrungs- und Informationsaustausch untereinander. So konnte innerhalb k\u00fcrzester Zeit aus der Teilnehmergruppe ein funktionierendes Team entstehen.<\/p>\n\n\n\n<p>Die Verantwortlichen bedankt sich bei den Fachreferenten der Ausbildung 2025: Dr. Michael Reinbold (Ern\u00e4hrung u. Doping) und Dr. Horst Oswalt (Mentaltraining durch Hypnose).<\/p>\n\n\n\n<p>Ein besonderer Dank geht an die Teilnehmer der freiwilligen Trainingsgruppe, die unsere Absolventen bei ihrer praktischen Pr\u00fcfung positiv unterst\u00fctzt haben.<\/p>\n\n\n\n<p>Die Vorbereitungen f\u00fcr die weiteren Ausbildungsg\u00e4nge der Trainerausbildung auf Landes- und Bundesebene, ebenfalls bei uns im Hessischen Leistungszentrum in Darmstadt,sind bereits abgeschlossen.<\/p>\n\n\n\n<p>Wir starten mit dem C-Lizenz Leistungssportmodul am 15. und 16.11.25 und der B-Lizenz Leistungssport ab Februar 2026.<\/p>\n\n\n\n<p>Anmeldungen f\u00fcr die C-Lizenz Leistungssport sind bereits \u00fcber sportsID.org m\u00f6glich und sollten zeitnah genutzt werden, da die Teilnehmerzahl begrenzt ist. Die M\u00f6glichkeit der Anmeldung zur B-Lizenz folgt noch.<\/p>\n\n\n\n<p>Fotos: Lutz Heller<\/p>\n\n\n\n<figure class=\"wp-block-image size-large\"><img loading=\"lazy\" decoding=\"async\" width=\"550\" height=\"371\" src=\"https:\/\/www.budo-do-tameshi.de\/cms\/wp-content\/uploads\/2025\/10\/DSC_0850-550x371.jpg\" alt=\"\" class=\"wp-image-8360\" srcset=\"http:\/\/www.budo-do-tameshi.de\/cms\/wp-content\/uploads\/2025\/10\/DSC_0850-550x371.jpg 550w, http:\/\/www.budo-do-tameshi.de\/cms\/wp-content\/uploads\/2025\/10\/DSC_0850-300x202.jpg 300w, http:\/\/www.budo-do-tameshi.de\/cms\/wp-content\/uploads\/2025\/10\/DSC_0850-200x135.jpg 200w, http:\/\/www.budo-do-tameshi.de\/cms\/wp-content\/uploads\/2025\/10\/DSC_0850-768x518.jpg 768w, http:\/\/www.budo-do-tameshi.de\/cms\/wp-content\/uploads\/2025\/10\/DSC_0850-1536x1036.jpg 1536w, http:\/\/www.budo-do-tameshi.de\/cms\/wp-content\/uploads\/2025\/10\/DSC_0850-2048x1381.jpg 2048w\" sizes=\"auto, (max-width: 550px) 100vw, 550px\" \/><figcaption class=\"wp-element-caption\">Besprechung der Teilnehmer im Rahmen der praktischen Pr\u00fcfung<\/figcaption><\/figure>\n\n\n\n<figure class=\"wp-block-image size-large\"><img loading=\"lazy\" decoding=\"async\" width=\"550\" height=\"381\" src=\"https:\/\/www.budo-do-tameshi.de\/cms\/wp-content\/uploads\/2025\/10\/DSC_0969-550x381.jpg\" alt=\"\" class=\"wp-image-8361\" srcset=\"http:\/\/www.budo-do-tameshi.de\/cms\/wp-content\/uploads\/2025\/10\/DSC_0969-550x381.jpg 550w, http:\/\/www.budo-do-tameshi.de\/cms\/wp-content\/uploads\/2025\/10\/DSC_0969-300x208.jpg 300w, http:\/\/www.budo-do-tameshi.de\/cms\/wp-content\/uploads\/2025\/10\/DSC_0969-200x138.jpg 200w, http:\/\/www.budo-do-tameshi.de\/cms\/wp-content\/uploads\/2025\/10\/DSC_0969-768x531.jpg 768w, http:\/\/www.budo-do-tameshi.de\/cms\/wp-content\/uploads\/2025\/10\/DSC_0969-1536x1063.jpg 1536w, http:\/\/www.budo-do-tameshi.de\/cms\/wp-content\/uploads\/2025\/10\/DSC_0969-2048x1417.jpg 2048w\" sizes=\"auto, (max-width: 550px) 100vw, 550px\" \/><figcaption class=\"wp-element-caption\">Mariam (rechts) mit Trainingsgruppe bei ihrer praktischen Pr\u00fcfung<\/figcaption><\/figure>\n\n\n\n<figure class=\"wp-block-image size-large\"><img loading=\"lazy\" decoding=\"async\" width=\"550\" height=\"363\" src=\"https:\/\/www.budo-do-tameshi.de\/cms\/wp-content\/uploads\/2025\/10\/DSC_1029-550x363.jpg\" alt=\"\" class=\"wp-image-8362\" srcset=\"http:\/\/www.budo-do-tameshi.de\/cms\/wp-content\/uploads\/2025\/10\/DSC_1029-550x363.jpg 550w, http:\/\/www.budo-do-tameshi.de\/cms\/wp-content\/uploads\/2025\/10\/DSC_1029-300x198.jpg 300w, http:\/\/www.budo-do-tameshi.de\/cms\/wp-content\/uploads\/2025\/10\/DSC_1029-200x132.jpg 200w, http:\/\/www.budo-do-tameshi.de\/cms\/wp-content\/uploads\/2025\/10\/DSC_1029-768x507.jpg 768w, http:\/\/www.budo-do-tameshi.de\/cms\/wp-content\/uploads\/2025\/10\/DSC_1029-1536x1014.jpg 1536w, http:\/\/www.budo-do-tameshi.de\/cms\/wp-content\/uploads\/2025\/10\/DSC_1029-2048x1352.jpg 2048w\" sizes=\"auto, (max-width: 550px) 100vw, 550px\" \/><figcaption class=\"wp-element-caption\">Besprechung der praktischen Pr\u00fcfung von Mariam<\/figcaption><\/figure>\n\n\n\n<figure class=\"wp-block-image size-large\"><img loading=\"lazy\" decoding=\"async\" width=\"550\" height=\"346\" src=\"https:\/\/www.budo-do-tameshi.de\/cms\/wp-content\/uploads\/2025\/10\/DSC_1196-550x346.jpg\" alt=\"\" class=\"wp-image-8363\" srcset=\"http:\/\/www.budo-do-tameshi.de\/cms\/wp-content\/uploads\/2025\/10\/DSC_1196-550x346.jpg 550w, http:\/\/www.budo-do-tameshi.de\/cms\/wp-content\/uploads\/2025\/10\/DSC_1196-300x189.jpg 300w, http:\/\/www.budo-do-tameshi.de\/cms\/wp-content\/uploads\/2025\/10\/DSC_1196-200x126.jpg 200w, http:\/\/www.budo-do-tameshi.de\/cms\/wp-content\/uploads\/2025\/10\/DSC_1196-768x483.jpg 768w, http:\/\/www.budo-do-tameshi.de\/cms\/wp-content\/uploads\/2025\/10\/DSC_1196-1536x966.jpg 1536w, http:\/\/www.budo-do-tameshi.de\/cms\/wp-content\/uploads\/2025\/10\/DSC_1196-2048x1288.jpg 2048w\" sizes=\"auto, (max-width: 550px) 100vw, 550px\" \/><figcaption class=\"wp-element-caption\">(von links) Mohammad Hosseini, J\u00f6rg Krier, Cosima Hergenr\u00f6ther, Mariam Aouragh, Nadezhda Patotschka, Nicolas Thiem, Timm Clausen und Jimmy Iwinski<\/figcaption><\/figure>\n\n\n\n<figure class=\"wp-block-image size-large\"><img loading=\"lazy\" decoding=\"async\" width=\"550\" height=\"353\" src=\"https:\/\/www.budo-do-tameshi.de\/cms\/wp-content\/uploads\/2025\/10\/DSC_1192-550x353.jpg\" alt=\"\" class=\"wp-image-8364\" srcset=\"http:\/\/www.budo-do-tameshi.de\/cms\/wp-content\/uploads\/2025\/10\/DSC_1192-550x353.jpg 550w, http:\/\/www.budo-do-tameshi.de\/cms\/wp-content\/uploads\/2025\/10\/DSC_1192-300x192.jpg 300w, http:\/\/www.budo-do-tameshi.de\/cms\/wp-content\/uploads\/2025\/10\/DSC_1192-200x128.jpg 200w, http:\/\/www.budo-do-tameshi.de\/cms\/wp-content\/uploads\/2025\/10\/DSC_1192-768x493.jpg 768w, http:\/\/www.budo-do-tameshi.de\/cms\/wp-content\/uploads\/2025\/10\/DSC_1192-1536x985.jpg 1536w, http:\/\/www.budo-do-tameshi.de\/cms\/wp-content\/uploads\/2025\/10\/DSC_1192-2048x1313.jpg 2048w\" sizes=\"auto, (max-width: 550px) 100vw, 550px\" \/><figcaption class=\"wp-element-caption\">Die Absolventen mit Trainingsgruppe f\u00fcr die praktische Pr\u00fcfung<\/figcaption><\/figure>\n","protected":false},"excerpt":{"rendered":"<p>Am Wochenende (18.\/19.10.25) wurde die Trainerausbildung des HKBV zur diesj\u00e4hrigen C-Lizenz Breitensport mit der schriftlichen und praktischen Pr\u00fcfung im Hessischen Leistungszentrum in Darmstadt abgeschlossen. Unter der Leitung des Funktionstrainers f\u00fcr Aus- und Fortbildung Jimmy Iwinski und WAKO Pr\u00e4sident Oliver Hahl begann im April die sechsmonatige Ausbildung an jeweils sechs Wochenenden \u00fcber insgesamt 120 Unterrichtseinheiten (UE). [&hellip;]<\/p>\n","protected":false},"author":3,"featured_media":0,"comment_status":"closed","ping_status":"closed","sticky":false,"template":"","format":"standard","meta":{"footnotes":""},"categories":[34],"tags":[],"class_list":["post-8358","post","type-post","status-publish","format-standard","hentry","category-34"],"_links":{"self":[{"href":"http:\/\/www.budo-do-tameshi.de\/cms\/wp-json\/wp\/v2\/posts\/8358","targetHints":{"allow":["GET"]}}],"collection":[{"href":"http:\/\/www.budo-do-tameshi.de\/cms\/wp-json\/wp\/v2\/posts"}],"about":[{"href":"http:\/\/www.budo-do-tameshi.de\/cms\/wp-json\/wp\/v2\/types\/post"}],"author":[{"embeddable":true,"href":"http:\/\/www.budo-do-tameshi.de\/cms\/wp-json\/wp\/v2\/users\/3"}],"replies":[{"embeddable":true,"href":"http:\/\/www.budo-do-tameshi.de\/cms\/wp-json\/wp\/v2\/comments?post=8358"}],"version-history":[{"count":1,"href":"http:\/\/www.budo-do-tameshi.de\/cms\/wp-json\/wp\/v2\/posts\/8358\/revisions"}],"predecessor-version":[{"id":8365,"href":"http:\/\/www.budo-do-tameshi.de\/cms\/wp-json\/wp\/v2\/posts\/8358\/revisions\/8365"}],"wp:attachment":[{"href":"http:\/\/www.budo-do-tameshi.de\/cms\/wp-json\/wp\/v2\/media?parent=8358"}],"wp:term":[{"taxonomy":"category","embeddable":true,"href":"http:\/\/www.budo-do-tameshi.de\/cms\/wp-json\/wp\/v2\/categories?post=8358"},{"taxonomy":"post_tag","embeddable":true,"href":"http:\/\/www.budo-do-tameshi.de\/cms\/wp-json\/wp\/v2\/tags?post=8358"}],"curies":[{"name":"wp","href":"https:\/\/api.w.org\/{rel}","templated":true}]}}