{"id":7563,"date":"2022-03-21T08:57:01","date_gmt":"2022-03-21T07:57:01","guid":{"rendered":"http:\/\/www.budo-do-tameshi.de\/cms\/?p=7563"},"modified":"2022-10-11T10:51:16","modified_gmt":"2022-10-11T09:51:16","slug":"1-pointfighting-lehrgang-2022","status":"publish","type":"post","link":"http:\/\/www.budo-do-tameshi.de\/cms\/2022\/03\/21\/1-pointfighting-lehrgang-2022\/","title":{"rendered":"1. Pointfighting Lehrgang 2022"},"content":{"rendered":"\n<p><img loading=\"lazy\" decoding=\"async\" width=\"1080\" height=\"1343\" class=\"wp-image-7568\" style=\"width: 200px; float: right; margin-left: 10px;\" src=\"http:\/\/www.budo-do-tameshi.de\/cms\/wp-content\/uploads\/2022\/03\/DSC_1714-2.jpg\" alt=\"\" srcset=\"http:\/\/www.budo-do-tameshi.de\/cms\/wp-content\/uploads\/2022\/03\/DSC_1714-2.jpg 1080w, http:\/\/www.budo-do-tameshi.de\/cms\/wp-content\/uploads\/2022\/03\/DSC_1714-2-200x249.jpg 200w, http:\/\/www.budo-do-tameshi.de\/cms\/wp-content\/uploads\/2022\/03\/DSC_1714-2-241x300.jpg 241w, http:\/\/www.budo-do-tameshi.de\/cms\/wp-content\/uploads\/2022\/03\/DSC_1714-2-768x955.jpg 768w, http:\/\/www.budo-do-tameshi.de\/cms\/wp-content\/uploads\/2022\/03\/DSC_1714-2-550x684.jpg 550w\" sizes=\"auto, (max-width: 1080px) 100vw, 1080px\" \/>Am Sonntag (27.02.22) trafen sich Kinder- und Jugendk\u00e4mpfer aus Darmstadt, B\u00fcdingen, Gr\u00e4fenhausen und Friedberg bei uns im Leistungszentrum zum ersten Pointfighting (PF) Lehrgang 2022.<\/p>\n\n\n\n<p>Insgesamt waren 30 junge Sportler zum gemeinsamen\nTraining nach Darmstadt gekommen. Geleitet wurde der Lehrgang von unserem\nLandestrainer Jimmy Iwinski, mit Unterst\u00fctzung durch die Trainerkollegen Lutz\nHeller, Natalia Knoll, Kenan Fejzic und Armando Regner.<br>\nDas gemeinsame Training war eine Weiterf\u00fchrung von erarbeiteten Konzepten der\nletzten Wochen und Monate f\u00fcr die Einstimmung und Vorbereitung der jungen\nSportler auf die kommenden Turniere (Bezirksmeisterschaft, HM, DM). <\/p>\n\n\n\n<!--more-->\n\n\n\n<p>Schwerpunkte des vierst\u00fcndigen Trainings waren neben\nKoordination, Beinarbeit, Schnellkraft, K\u00f6rperspannung und Reaktion,\nverschiedene Technikvariationen mit passiven und aktiven\nVerteidigungskonzepten. <\/p>\n\n\n\n<p>Den Abschluss bildeten 9 Runden bedingtes Sparring,\nmit verschiedenen Aufgaben und wechselnden Partnern.<\/p>\n\n\n\n<p>Nach vier Stunden intensivem Training konnten alle\nTeilnehmer, zwar etwas ersch\u00f6pft aber mit guter Laune die Heimreise antreten.<\/p>\n\n\n\n<p>Fotos: Jimmy\nIwinski<\/p>\n\n\n\n<figure class=\"wp-block-image\"><img loading=\"lazy\" decoding=\"async\" width=\"550\" height=\"329\" src=\"http:\/\/www.budo-do-tameshi.de\/cms\/wp-content\/uploads\/2022\/03\/DSC_1718-2-550x329.jpg\" alt=\"Partnerarbeit\" class=\"wp-image-7565\" srcset=\"http:\/\/www.budo-do-tameshi.de\/cms\/wp-content\/uploads\/2022\/03\/DSC_1718-2-550x329.jpg 550w, http:\/\/www.budo-do-tameshi.de\/cms\/wp-content\/uploads\/2022\/03\/DSC_1718-2-200x120.jpg 200w, http:\/\/www.budo-do-tameshi.de\/cms\/wp-content\/uploads\/2022\/03\/DSC_1718-2-300x180.jpg 300w, http:\/\/www.budo-do-tameshi.de\/cms\/wp-content\/uploads\/2022\/03\/DSC_1718-2-768x460.jpg 768w, http:\/\/www.budo-do-tameshi.de\/cms\/wp-content\/uploads\/2022\/03\/DSC_1718-2.jpg 1805w\" sizes=\"auto, (max-width: 550px) 100vw, 550px\" \/><figcaption>Partnerarbeit<\/figcaption><\/figure>\n\n\n\n<figure class=\"wp-block-image\"><img loading=\"lazy\" decoding=\"async\" width=\"550\" height=\"321\" src=\"http:\/\/www.budo-do-tameshi.de\/cms\/wp-content\/uploads\/2022\/03\/DSC_1674-2-550x321.jpg\" alt=\"PF Team\" class=\"wp-image-7566\" srcset=\"http:\/\/www.budo-do-tameshi.de\/cms\/wp-content\/uploads\/2022\/03\/DSC_1674-2-550x321.jpg 550w, http:\/\/www.budo-do-tameshi.de\/cms\/wp-content\/uploads\/2022\/03\/DSC_1674-2-200x117.jpg 200w, http:\/\/www.budo-do-tameshi.de\/cms\/wp-content\/uploads\/2022\/03\/DSC_1674-2-300x175.jpg 300w, http:\/\/www.budo-do-tameshi.de\/cms\/wp-content\/uploads\/2022\/03\/DSC_1674-2-768x449.jpg 768w, http:\/\/www.budo-do-tameshi.de\/cms\/wp-content\/uploads\/2022\/03\/DSC_1674-2.jpg 1848w\" sizes=\"auto, (max-width: 550px) 100vw, 550px\" \/><figcaption>PF Team<\/figcaption><\/figure>\n","protected":false},"excerpt":{"rendered":"<p>Am Sonntag (27.02.22) trafen sich Kinder- und Jugendk\u00e4mpfer aus Darmstadt, B\u00fcdingen, Gr\u00e4fenhausen und Friedberg bei uns im Leistungszentrum zum ersten Pointfighting (PF) Lehrgang 2022. Insgesamt waren 30 junge Sportler zum gemeinsamen Training nach Darmstadt gekommen. Geleitet wurde der Lehrgang von unserem Landestrainer Jimmy Iwinski, mit Unterst\u00fctzung durch die Trainerkollegen Lutz Heller, Natalia Knoll, Kenan Fejzic [&hellip;]<\/p>\n","protected":false},"author":3,"featured_media":0,"comment_status":"closed","ping_status":"closed","sticky":false,"template":"","format":"standard","meta":{"footnotes":""},"categories":[31],"tags":[],"class_list":["post-7563","post","type-post","status-publish","format-standard","hentry","category-31"],"_links":{"self":[{"href":"http:\/\/www.budo-do-tameshi.de\/cms\/wp-json\/wp\/v2\/posts\/7563","targetHints":{"allow":["GET"]}}],"collection":[{"href":"http:\/\/www.budo-do-tameshi.de\/cms\/wp-json\/wp\/v2\/posts"}],"about":[{"href":"http:\/\/www.budo-do-tameshi.de\/cms\/wp-json\/wp\/v2\/types\/post"}],"author":[{"embeddable":true,"href":"http:\/\/www.budo-do-tameshi.de\/cms\/wp-json\/wp\/v2\/users\/3"}],"replies":[{"embeddable":true,"href":"http:\/\/www.budo-do-tameshi.de\/cms\/wp-json\/wp\/v2\/comments?post=7563"}],"version-history":[{"count":2,"href":"http:\/\/www.budo-do-tameshi.de\/cms\/wp-json\/wp\/v2\/posts\/7563\/revisions"}],"predecessor-version":[{"id":7569,"href":"http:\/\/www.budo-do-tameshi.de\/cms\/wp-json\/wp\/v2\/posts\/7563\/revisions\/7569"}],"wp:attachment":[{"href":"http:\/\/www.budo-do-tameshi.de\/cms\/wp-json\/wp\/v2\/media?parent=7563"}],"wp:term":[{"taxonomy":"category","embeddable":true,"href":"http:\/\/www.budo-do-tameshi.de\/cms\/wp-json\/wp\/v2\/categories?post=7563"},{"taxonomy":"post_tag","embeddable":true,"href":"http:\/\/www.budo-do-tameshi.de\/cms\/wp-json\/wp\/v2\/tags?post=7563"}],"curies":[{"name":"wp","href":"https:\/\/api.w.org\/{rel}","templated":true}]}}