{"id":7449,"date":"2021-10-04T12:52:39","date_gmt":"2021-10-04T11:52:39","guid":{"rendered":"http:\/\/www.budo-do-tameshi.de\/cms\/?p=7449"},"modified":"2021-10-04T12:52:39","modified_gmt":"2021-10-04T11:52:39","slug":"flanders-international-kickboxing-cupmichelle-mesmer-und-lukas-dewan-ueberzeugen","status":"publish","type":"post","link":"http:\/\/www.budo-do-tameshi.de\/cms\/2021\/10\/04\/flanders-international-kickboxing-cupmichelle-mesmer-und-lukas-dewan-ueberzeugen\/","title":{"rendered":"Flanders International Kickboxing Cup<br\/><small>Michelle Mesmer und Lukas Dewan \u00fcberzeugen<\/small>"},"content":{"rendered":"\n<p><img loading=\"lazy\" decoding=\"async\" width=\"1080\" height=\"1386\" class=\"wp-image-7450\" style=\"width: 200px; float: right; margin-left: 10px;\" src=\"http:\/\/www.budo-do-tameshi.de\/cms\/wp-content\/uploads\/2021\/10\/IMG_4621-2.jpg\" alt=\"\" srcset=\"http:\/\/www.budo-do-tameshi.de\/cms\/wp-content\/uploads\/2021\/10\/IMG_4621-2.jpg 1080w, http:\/\/www.budo-do-tameshi.de\/cms\/wp-content\/uploads\/2021\/10\/IMG_4621-2-200x257.jpg 200w, http:\/\/www.budo-do-tameshi.de\/cms\/wp-content\/uploads\/2021\/10\/IMG_4621-2-234x300.jpg 234w, http:\/\/www.budo-do-tameshi.de\/cms\/wp-content\/uploads\/2021\/10\/IMG_4621-2-768x986.jpg 768w, http:\/\/www.budo-do-tameshi.de\/cms\/wp-content\/uploads\/2021\/10\/IMG_4621-2-550x706.jpg 550w\" sizes=\"auto, (max-width: 1080px) 100vw, 1080px\" \/>Am Wochenende (25.09.-26.09.21) traf sich die Internationale Kickboxelite in Belgien zum Internationalen Flanders Cup. Von unserem Verein, waren die frisch gek\u00fcrten Deutschen Meister im Leichtkontakt, Michelle Mesmer und Lukas Dewan am Start. Unser dritter Deutscher Meister Niklas Walter, musste leider wegen einer Verletzung auf den Start verzichten.<\/p>\n\n\n\n<p>Der Flanders Cup geh\u00f6rt zur Vorbereitung der Nationalk\u00e4mpfer\nauf die WM (15.10.-24.10.21) in Jesolo\/Italien. Dem entsprechend waren Sportler\naus 10 Nationen am Start, um ihren aktuellen Leistungsstand vor den\nTitelk\u00e4mpfen zu testen. <\/p>\n\n\n\n<p>Die deutschen Nationalk\u00e4mpfer im LC wurden von Bundestrainer\nPeter Zaar betreut, so auch Michelle Mesmer und Lukas Dewan. Beide gingen,\nneben ihren angestammten Gewichtsklassen <br>\n(-50Kg und -63Kg) zus\u00e4tzlich in der n\u00e4chsth\u00f6heren an den Start, um die\nTurnierh\u00e4rte weiter zu steigern und konnten mit Gold, Silber und 2x Bronze, voll\n\u00fcberzeugen. <\/p>\n\n\n\n<!--more-->\n\n\n\n<p>Im Finale bis 50Kg traf Michelle auf die starke und sehr\nerfahrene Isabelle Hagen aus der Schweiz. Es war ein \u00e4u\u00dferst spannendes Gefecht\nauf Augenh\u00f6he. Die erste Runde konnte Michelle f\u00fcr sich entscheiden. In der\nzweiten Runde kam die K\u00e4mpferin aus der Schweiz stark auf. Michelle hielt voll\ndagegen, konnte aber nicht alle Treffer vermeiden. Beide K\u00e4mpferinnen schenkten\nsich nichts und gingen an ihre Grenzen. Am Ende musste sich Michelle mit 1:2\nRichterstimmen denkbar knapp geschlagen geben und gewann Silber. In der\nGewichtsklasse bis 55Kg kam noch eine Bronze Medaille dazu.<\/p>\n\n\n\n<p>Lukas Dewan stand bis 63Kg ebenfalls im Finale. Gegen Jasan\nGyselinck aus Belgien zeigte er mit vielseitigen Techniken seine aktuelle\nSt\u00e4rke und siegte klar. <\/p>\n\n\n\n<p>Im Halbfinale der Gewichtsklasse bis 69Kg musste er, in\nF\u00fchrung liegend, leider vorzeitig aufgeben. Durch eine unsaubere Technik des\nGegners hatte er sich das Knie verdreht. Wir hoffen nicht, dass die Verletzung\nden Start bei der WM gef\u00e4hrdet.<\/p>\n\n\n\n<p>Das Fazit des Bundestrainers \u00fcber die Leistung von Michelle\nund Lukas war durchweg positiv.<\/p>\n","protected":false},"excerpt":{"rendered":"<p>Am Wochenende (25.09.-26.09.21) traf sich die Internationale Kickboxelite in Belgien zum Internationalen Flanders Cup. Von unserem Verein, waren die frisch gek\u00fcrten Deutschen Meister im Leichtkontakt, Michelle Mesmer und Lukas Dewan am Start. Unser dritter Deutscher Meister Niklas Walter, musste leider wegen einer Verletzung auf den Start verzichten. Der Flanders Cup geh\u00f6rt zur Vorbereitung der Nationalk\u00e4mpfer [&hellip;]<\/p>\n","protected":false},"author":3,"featured_media":0,"comment_status":"closed","ping_status":"closed","sticky":false,"template":"","format":"standard","meta":{"footnotes":""},"categories":[29],"tags":[],"class_list":["post-7449","post","type-post","status-publish","format-standard","hentry","category-29"],"_links":{"self":[{"href":"http:\/\/www.budo-do-tameshi.de\/cms\/wp-json\/wp\/v2\/posts\/7449","targetHints":{"allow":["GET"]}}],"collection":[{"href":"http:\/\/www.budo-do-tameshi.de\/cms\/wp-json\/wp\/v2\/posts"}],"about":[{"href":"http:\/\/www.budo-do-tameshi.de\/cms\/wp-json\/wp\/v2\/types\/post"}],"author":[{"embeddable":true,"href":"http:\/\/www.budo-do-tameshi.de\/cms\/wp-json\/wp\/v2\/users\/3"}],"replies":[{"embeddable":true,"href":"http:\/\/www.budo-do-tameshi.de\/cms\/wp-json\/wp\/v2\/comments?post=7449"}],"version-history":[{"count":1,"href":"http:\/\/www.budo-do-tameshi.de\/cms\/wp-json\/wp\/v2\/posts\/7449\/revisions"}],"predecessor-version":[{"id":7451,"href":"http:\/\/www.budo-do-tameshi.de\/cms\/wp-json\/wp\/v2\/posts\/7449\/revisions\/7451"}],"wp:attachment":[{"href":"http:\/\/www.budo-do-tameshi.de\/cms\/wp-json\/wp\/v2\/media?parent=7449"}],"wp:term":[{"taxonomy":"category","embeddable":true,"href":"http:\/\/www.budo-do-tameshi.de\/cms\/wp-json\/wp\/v2\/categories?post=7449"},{"taxonomy":"post_tag","embeddable":true,"href":"http:\/\/www.budo-do-tameshi.de\/cms\/wp-json\/wp\/v2\/tags?post=7449"}],"curies":[{"name":"wp","href":"https:\/\/api.w.org\/{rel}","templated":true}]}}