{"id":6606,"date":"2018-07-23T05:50:38","date_gmt":"2018-07-23T04:50:38","guid":{"rendered":"http:\/\/www.budo-do-tameshi.de\/cms\/?p=6606"},"modified":"2018-07-23T05:51:29","modified_gmt":"2018-07-23T04:51:29","slug":"erfolgreiche-gurtelprufunggute-leistungen-bei-den-kindern-der-jugend-und-den-erwachsenen-5","status":"publish","type":"post","link":"http:\/\/www.budo-do-tameshi.de\/cms\/2018\/07\/23\/erfolgreiche-gurtelprufunggute-leistungen-bei-den-kindern-der-jugend-und-den-erwachsenen-5\/","title":{"rendered":"ERFOLGREICHE G\u00dcRTELPR\u00dcFUNG<br><small>Gute Leistungen bei den Kindern, der Jugend und den Erwachsenen<\/small>"},"content":{"rendered":"<p><a href=\"http:\/\/www.budo-do-tameshi.de\/cms\/wp-content\/uploads\/2018\/07\/DSC_1584-2.jpg\"><img decoding=\"async\" class=\"alignright size-full wp-image-6607\" style=\"margin-left: 10px; float: right;\" title=\"DSC_1584 (2)\" src=\"http:\/\/www.budo-do-tameshi.de\/cms\/wp-content\/uploads\/2018\/07\/DSC_1584-2.jpg\" alt=\"\" width=\"200\" srcset=\"http:\/\/www.budo-do-tameshi.de\/cms\/wp-content\/uploads\/2018\/07\/DSC_1584-2.jpg 1080w, http:\/\/www.budo-do-tameshi.de\/cms\/wp-content\/uploads\/2018\/07\/DSC_1584-2-221x300.jpg 221w, http:\/\/www.budo-do-tameshi.de\/cms\/wp-content\/uploads\/2018\/07\/DSC_1584-2-755x1024.jpg 755w\" sizes=\"(max-width: 1080px) 100vw, 1080px\" \/><\/a>Auch in diesem Jahr gab es vor den Sommerferien am 19. und 20.06.2018 f\u00fcr die Trainingsgruppen der Kinder, Jugendlichen und Erwachsenen G\u00fcrtelpr\u00fcfungen. Die Pr\u00fcfung wurde abgelegt f\u00fcr die G\u00fcrtel weis-gelb bis Gr\u00fcn. Das Niveau der gezeigten Leistungen war bei fast allen Teilnehmern gut bis sehr gut.<\/p>\n<p>Nur zwei Sch\u00fcler der Jugendgruppe, werden nach den Sommerferien im Bereich Modellsparring noch einmal Nachgepr\u00fcft.<\/p>\n<p>Gepr\u00fcft wurde nach dem aktuellen Pr\u00fcfungsprogramm, verschiedene Faust- und Fu\u00dftechniken mit den dazugeh\u00f6rigen Abwehr- und Konterm\u00f6glichkeiten. Demonstriert wurden die Techniken mit und ohne Partner an der Pratze im Modellsparring und freien Sparring.<\/p>\n<p><!--more--><\/p>\n<p>Ebenfalls zum Pr\u00fcfungsprogramm geh\u00f6ren verschiedene \u00dcbungen aus der Fallschule und Selbstverteidigung. Abgestuft nach G\u00fcrtelgraden wurde auch das theoretische Wissen der Sportler \u00fcberpr\u00fcft. Geleitet und durchgef\u00fchrt wurde die Pr\u00fcfung vom Landestrainer des BDT Jimmy Iwinski (5.Dan) unterst\u00fctzt von den Jugendtrainern Viktoria Maul (1.Dan) und Torsten Kolb. Auch wenn es f\u00fcr die Teilnehmer anstrengend und schwei\u00dftreibend war, konnten bis auf die Nachpr\u00fcflinge, alle am Ende der mehrst\u00fcndigen Pr\u00fcfungen gl\u00fccklich die Urkunden f\u00fcr ihren neuen G\u00fcrtel in Empfang nehmen.<\/p>\n<p>Fotos: Jimmy Iwinski<\/p>\n<div id=\"attachment_6608\" style=\"width: 560px\" class=\"wp-caption alignnone\"><a href=\"http:\/\/www.budo-do-tameshi.de\/cms\/wp-content\/uploads\/2018\/07\/DSC_0436-2.jpg\"><img decoding=\"async\" aria-describedby=\"caption-attachment-6608\" class=\"size-full wp-image-6608\" title=\"DSC_0436 (2)\" src=\"http:\/\/www.budo-do-tameshi.de\/cms\/wp-content\/uploads\/2018\/07\/DSC_0436-2.jpg\" alt=\"Kindergruppe (Version: Seri\u00f6s)\" width=\"550\" srcset=\"http:\/\/www.budo-do-tameshi.de\/cms\/wp-content\/uploads\/2018\/07\/DSC_0436-2.jpg 1627w, http:\/\/www.budo-do-tameshi.de\/cms\/wp-content\/uploads\/2018\/07\/DSC_0436-2-300x199.jpg 300w, http:\/\/www.budo-do-tameshi.de\/cms\/wp-content\/uploads\/2018\/07\/DSC_0436-2-1024x679.jpg 1024w\" sizes=\"(max-width: 1627px) 100vw, 1627px\" \/><\/a><p id=\"caption-attachment-6608\" class=\"wp-caption-text\">Kindergruppe (Version: Seri\u00f6s)<\/p><\/div>\n<div id=\"attachment_6609\" style=\"width: 560px\" class=\"wp-caption alignnone\"><a href=\"http:\/\/www.budo-do-tameshi.de\/cms\/wp-content\/uploads\/2018\/07\/DSC_0448-2.jpg\"><img decoding=\"async\" aria-describedby=\"caption-attachment-6609\" class=\"size-full wp-image-6609\" title=\"DSC_0448 (2)\" src=\"http:\/\/www.budo-do-tameshi.de\/cms\/wp-content\/uploads\/2018\/07\/DSC_0448-2.jpg\" alt=\"Kindergruppe (Version: Kreativ)\" width=\"550\" srcset=\"http:\/\/www.budo-do-tameshi.de\/cms\/wp-content\/uploads\/2018\/07\/DSC_0448-2.jpg 1613w, http:\/\/www.budo-do-tameshi.de\/cms\/wp-content\/uploads\/2018\/07\/DSC_0448-2-300x200.jpg 300w, http:\/\/www.budo-do-tameshi.de\/cms\/wp-content\/uploads\/2018\/07\/DSC_0448-2-1024x685.jpg 1024w\" sizes=\"(max-width: 1613px) 100vw, 1613px\" \/><\/a><p id=\"caption-attachment-6609\" class=\"wp-caption-text\">Kindergruppe (Version: Kreativ)<\/p><\/div>\n<div id=\"attachment_6610\" style=\"width: 560px\" class=\"wp-caption alignnone\"><a href=\"http:\/\/www.budo-do-tameshi.de\/cms\/wp-content\/uploads\/2018\/07\/DSC_0453-2.jpg\"><img decoding=\"async\" aria-describedby=\"caption-attachment-6610\" class=\"size-full wp-image-6610\" title=\"DSC_0453 (2)\" src=\"http:\/\/www.budo-do-tameshi.de\/cms\/wp-content\/uploads\/2018\/07\/DSC_0453-2.jpg\" alt=\"Jugendgruppe (Version: Seri\u00f6s)\" width=\"550\" srcset=\"http:\/\/www.budo-do-tameshi.de\/cms\/wp-content\/uploads\/2018\/07\/DSC_0453-2.jpg 1564w, http:\/\/www.budo-do-tameshi.de\/cms\/wp-content\/uploads\/2018\/07\/DSC_0453-2-300x207.jpg 300w, http:\/\/www.budo-do-tameshi.de\/cms\/wp-content\/uploads\/2018\/07\/DSC_0453-2-1024x707.jpg 1024w\" sizes=\"(max-width: 1564px) 100vw, 1564px\" \/><\/a><p id=\"caption-attachment-6610\" class=\"wp-caption-text\">Jugendgruppe (Version: Seri\u00f6s)<\/p><\/div>\n<div id=\"attachment_6611\" style=\"width: 560px\" class=\"wp-caption alignnone\"><a href=\"http:\/\/www.budo-do-tameshi.de\/cms\/wp-content\/uploads\/2018\/07\/DSC_0458-2.jpg\"><img decoding=\"async\" aria-describedby=\"caption-attachment-6611\" class=\"size-full wp-image-6611\" title=\"DSC_0458 (2)\" src=\"http:\/\/www.budo-do-tameshi.de\/cms\/wp-content\/uploads\/2018\/07\/DSC_0458-2.jpg\" alt=\"Jugendgruppe (Version: Kreativ)\" width=\"550\" srcset=\"http:\/\/www.budo-do-tameshi.de\/cms\/wp-content\/uploads\/2018\/07\/DSC_0458-2.jpg 1642w, http:\/\/www.budo-do-tameshi.de\/cms\/wp-content\/uploads\/2018\/07\/DSC_0458-2-300x197.jpg 300w, http:\/\/www.budo-do-tameshi.de\/cms\/wp-content\/uploads\/2018\/07\/DSC_0458-2-1024x673.jpg 1024w\" sizes=\"(max-width: 1642px) 100vw, 1642px\" \/><\/a><p id=\"caption-attachment-6611\" class=\"wp-caption-text\">Jugendgruppe (Version: Kreativ)<\/p><\/div>\n<div id=\"attachment_6612\" style=\"width: 560px\" class=\"wp-caption alignnone\"><a href=\"http:\/\/www.budo-do-tameshi.de\/cms\/wp-content\/uploads\/2018\/07\/DSC_0472-2.jpg\"><img decoding=\"async\" aria-describedby=\"caption-attachment-6612\" class=\"size-full wp-image-6612\" title=\"DSC_0472 (2)\" src=\"http:\/\/www.budo-do-tameshi.de\/cms\/wp-content\/uploads\/2018\/07\/DSC_0472-2.jpg\" alt=\"Erwachsenengruppe (Version: Seri\u00f6s)\" width=\"550\" srcset=\"http:\/\/www.budo-do-tameshi.de\/cms\/wp-content\/uploads\/2018\/07\/DSC_0472-2.jpg 1619w, http:\/\/www.budo-do-tameshi.de\/cms\/wp-content\/uploads\/2018\/07\/DSC_0472-2-300x200.jpg 300w, http:\/\/www.budo-do-tameshi.de\/cms\/wp-content\/uploads\/2018\/07\/DSC_0472-2-1024x683.jpg 1024w\" sizes=\"(max-width: 1619px) 100vw, 1619px\" \/><\/a><p id=\"caption-attachment-6612\" class=\"wp-caption-text\">Erwachsenengruppe (Version: Seri\u00f6s)<\/p><\/div>\n<div id=\"attachment_6613\" style=\"width: 560px\" class=\"wp-caption alignnone\"><a href=\"http:\/\/www.budo-do-tameshi.de\/cms\/wp-content\/uploads\/2018\/07\/DSC_0482-2.jpg\"><img decoding=\"async\" aria-describedby=\"caption-attachment-6613\" class=\"size-full wp-image-6613\" title=\"DSC_0482 (2)\" src=\"http:\/\/www.budo-do-tameshi.de\/cms\/wp-content\/uploads\/2018\/07\/DSC_0482-2.jpg\" alt=\"Erwachsenengruppe (Version: Kreativ)\" width=\"550\" srcset=\"http:\/\/www.budo-do-tameshi.de\/cms\/wp-content\/uploads\/2018\/07\/DSC_0482-2.jpg 1562w, http:\/\/www.budo-do-tameshi.de\/cms\/wp-content\/uploads\/2018\/07\/DSC_0482-2-300x207.jpg 300w, http:\/\/www.budo-do-tameshi.de\/cms\/wp-content\/uploads\/2018\/07\/DSC_0482-2-1024x708.jpg 1024w\" sizes=\"(max-width: 1562px) 100vw, 1562px\" \/><\/a><p id=\"caption-attachment-6613\" class=\"wp-caption-text\">Erwachsenengruppe (Version: Kreativ)<\/p><\/div>\n<p>&nbsp;<\/p>\n","protected":false},"excerpt":{"rendered":"<p>Auch in diesem Jahr gab es vor den Sommerferien am 19. und 20.06.2018 f\u00fcr die Trainingsgruppen der Kinder, Jugendlichen und Erwachsenen G\u00fcrtelpr\u00fcfungen. Die Pr\u00fcfung wurde abgelegt f\u00fcr die G\u00fcrtel weis-gelb bis Gr\u00fcn. Das Niveau der gezeigten Leistungen war bei fast allen Teilnehmern gut bis sehr gut. Nur zwei Sch\u00fcler der Jugendgruppe, werden nach den Sommerferien [&hellip;]<\/p>\n","protected":false},"author":3,"featured_media":0,"comment_status":"closed","ping_status":"closed","sticky":false,"template":"","format":"standard","meta":{"footnotes":""},"categories":[26],"tags":[],"class_list":["post-6606","post","type-post","status-publish","format-standard","hentry","category-26"],"_links":{"self":[{"href":"http:\/\/www.budo-do-tameshi.de\/cms\/wp-json\/wp\/v2\/posts\/6606","targetHints":{"allow":["GET"]}}],"collection":[{"href":"http:\/\/www.budo-do-tameshi.de\/cms\/wp-json\/wp\/v2\/posts"}],"about":[{"href":"http:\/\/www.budo-do-tameshi.de\/cms\/wp-json\/wp\/v2\/types\/post"}],"author":[{"embeddable":true,"href":"http:\/\/www.budo-do-tameshi.de\/cms\/wp-json\/wp\/v2\/users\/3"}],"replies":[{"embeddable":true,"href":"http:\/\/www.budo-do-tameshi.de\/cms\/wp-json\/wp\/v2\/comments?post=6606"}],"version-history":[{"count":3,"href":"http:\/\/www.budo-do-tameshi.de\/cms\/wp-json\/wp\/v2\/posts\/6606\/revisions"}],"predecessor-version":[{"id":6616,"href":"http:\/\/www.budo-do-tameshi.de\/cms\/wp-json\/wp\/v2\/posts\/6606\/revisions\/6616"}],"wp:attachment":[{"href":"http:\/\/www.budo-do-tameshi.de\/cms\/wp-json\/wp\/v2\/media?parent=6606"}],"wp:term":[{"taxonomy":"category","embeddable":true,"href":"http:\/\/www.budo-do-tameshi.de\/cms\/wp-json\/wp\/v2\/categories?post=6606"},{"taxonomy":"post_tag","embeddable":true,"href":"http:\/\/www.budo-do-tameshi.de\/cms\/wp-json\/wp\/v2\/tags?post=6606"}],"curies":[{"name":"wp","href":"https:\/\/api.w.org\/{rel}","templated":true}]}}