{"id":6564,"date":"2018-07-16T05:58:55","date_gmt":"2018-07-16T04:58:55","guid":{"rendered":"http:\/\/www.budo-do-tameshi.de\/cms\/?p=6564"},"modified":"2018-07-16T05:59:09","modified_gmt":"2018-07-16T04:59:09","slug":"schulungswochenende-in-darmstadt2-lk-hessenkader-2-pf-lehrgang-mit-thomas-tamilowski","status":"publish","type":"post","link":"http:\/\/www.budo-do-tameshi.de\/cms\/2018\/07\/16\/schulungswochenende-in-darmstadt2-lk-hessenkader-2-pf-lehrgang-mit-thomas-tamilowski\/","title":{"rendered":"Schulungswochenende in Darmstadt<br>2. LK Hessenkader &#038; 2. PF Lehrgang mit Thomas Tamilowski"},"content":{"rendered":"<p><a href=\"http:\/\/www.budo-do-tameshi.de\/cms\/wp-content\/uploads\/2018\/07\/DSC_1151-2.jpg\"><img decoding=\"async\" class=\"alignright size-full wp-image-6565\" style=\"float: right; margin-left: 10px;\" title=\"DSC_1151 (2)\" src=\"http:\/\/www.budo-do-tameshi.de\/cms\/wp-content\/uploads\/2018\/07\/DSC_1151-2.jpg\" alt=\"\" width=\"200\" srcset=\"http:\/\/www.budo-do-tameshi.de\/cms\/wp-content\/uploads\/2018\/07\/DSC_1151-2.jpg 1080w, http:\/\/www.budo-do-tameshi.de\/cms\/wp-content\/uploads\/2018\/07\/DSC_1151-2-173x300.jpg 173w, http:\/\/www.budo-do-tameshi.de\/cms\/wp-content\/uploads\/2018\/07\/DSC_1151-2-592x1024.jpg 592w\" sizes=\"(max-width: 1080px) 100vw, 1080px\" \/><\/a><\/p>\n<h3>LK Hessenkader<\/h3>\n<p>Am Samstag den 02.05.18 hatten unsere LK Landestrainer Jimmy Iwinski und Oliver Hahl zu uns ins Hessische Leistungszentrum (HLZ) zum 2. LK Hessenkader eingeladen. Insgesamt wurde 5 Stunden intensiv gearbeitet und geschwitzt. Neben den etablierten und erfahrenen K\u00e4mpfern bei den Damen und Herren, waren auch Nachwuchssportlern zum gemeinsamen LK Training nach Darmstadt gekommen.<\/p>\n<p>Der 1. LK Kader im Februar war eine erste Standortbestimmung f\u00fcr alle Sportler. Mit einer vielf\u00e4ltigen Reihe von \u00dcbungen aus dem Funktionalen Training, wurden die K\u00e4mpfer im Konditionellen, sowie im technisch- taktischen Bereich auf die neue Wettkampfsaison 2018 eingestimmt.<\/p>\n<p><!--more--><\/p>\n<p>Der 2. LK Kader am Wochenende war f\u00fcr alle Teilnehmer ein weiterer Schritt in der konsequenten Turniervorbereitung im Vorfeld der DM 2018 in Eisenach. Schwerpunkte der Trainingsarbeit lagen im Koordinativen Bereich und der mentalen Vorbereitung auf den Wettkampf (der Kopf entscheidet, Analyse des Gegners, konsequentes Verhalten). Zus\u00e4tzliche Schwerpunkte betrafen die Bereiche Trainingsintensit\u00e4t und Effektivit\u00e4t, Beinarbeit, Reaktion, Schnellkraft, Distanz, Reichweite, Kraft, Ausdauer, Standartsituationen, Kampfkonzeption und die Partnerarbeit.<\/p>\n<p>Von 12:00 bis 17:00 Uhr wurde intensiv und konzentriert gearbeitet. Den Abschluss des Lehrgangs bildeten 12 Runden Sparring mit unterschiedlichen Aufgaben. Die verschiedenen, im Lehrgang erarbeitet Konzepte mussten mit wechselnden Partnern umgesetzt werden.<\/p>\n<h3>PF Lehrgang mit Thomas Tamilowski<\/h3>\n<p>Nach unserem erfolgreichen \u00e2\u20ac\u017eSaison Startup Workshop\u00e2\u20ac\u0153 im Januar folgte am Sonntag (03.06.18) der Nachfolgelehrgang, ebenfalls als Abschlie\u00dfende Vorbereitung f\u00fcr die Deutsche Meisterschaft.<\/p>\n<p>Geleitet wurde der Lehrgang auch dieses Mal von Thomas Tamilowski (Trainingsraum Braunschweig) und unserem Landestrainer Jimmy Iwinski.<\/p>\n<p>Im f\u00fcnfst\u00fcndigen Training wurden die Bl\u00f6cke: Basic, Defence, Offence, Athletik, Technik, Taktik vertieft und wiederholt. Die Sportler mussten vielseitige und anspruchsvolle Aufgabenstellungen, mit und ohne Partner l\u00f6sen. Verst\u00e4rkt und intensiviert wurden die Trainingsreize durch den gezielten Einsatz verschiedener Trainingsmitteln und die M\u00f6glichkeit mit vielen unterschiedlichen Partnern zu arbeiten.<\/p>\n<p>Von der ersten bis zur letzten Minute waren alle Sportler, ob Jugend oder Erwachsene, hoch konzentriert mit Spa\u00df und Engagement bei der Sache.<\/p>\n<h3>Fazit<\/h3>\n<p><span style=\"text-decoration: underline;\"> <\/span><\/p>\n<p>Das Fazit und die Auswertung der beiden Lehrg\u00e4nge ist positiv. Man kann feststellen, dass unsere Sportler f\u00fcr die DM durch die konsequente Trainingsarbeit gut motiviert und vorbereitet sind. Wir dr\u00fccken allen die Daumen, und w\u00fcnschen viel Erfolg.<\/p>\n<p><span style=\"text-decoration: underline;\"> <\/span><\/p>\n<p>Fotos: BDT<\/p>\n<h4>LK Hessenkader<\/h4>\n<div id=\"attachment_6566\" style=\"width: 560px\" class=\"wp-caption alignnone\"><a href=\"http:\/\/www.budo-do-tameshi.de\/cms\/wp-content\/uploads\/2018\/07\/DSC_1104-2.jpg\"><img decoding=\"async\" aria-describedby=\"caption-attachment-6566\" class=\"size-full wp-image-6566\" title=\"DSC_1104 (2)\" src=\"http:\/\/www.budo-do-tameshi.de\/cms\/wp-content\/uploads\/2018\/07\/DSC_1104-2.jpg\" alt=\"Partnerarbeit\" width=\"550\" srcset=\"http:\/\/www.budo-do-tameshi.de\/cms\/wp-content\/uploads\/2018\/07\/DSC_1104-2.jpg 1407w, http:\/\/www.budo-do-tameshi.de\/cms\/wp-content\/uploads\/2018\/07\/DSC_1104-2-300x230.jpg 300w, http:\/\/www.budo-do-tameshi.de\/cms\/wp-content\/uploads\/2018\/07\/DSC_1104-2-1024x786.jpg 1024w\" sizes=\"(max-width: 1407px) 100vw, 1407px\" \/><\/a><p id=\"caption-attachment-6566\" class=\"wp-caption-text\">Partnerarbeit<\/p><\/div>\n<div id=\"attachment_6567\" style=\"width: 560px\" class=\"wp-caption alignnone\"><a href=\"http:\/\/www.budo-do-tameshi.de\/cms\/wp-content\/uploads\/2018\/07\/DSC_1126-2.jpg\"><img decoding=\"async\" aria-describedby=\"caption-attachment-6567\" class=\"size-full wp-image-6567\" title=\"DSC_1126 (2)\" src=\"http:\/\/www.budo-do-tameshi.de\/cms\/wp-content\/uploads\/2018\/07\/DSC_1126-2.jpg\" alt=\"Partnerarbeit\" width=\"550\" srcset=\"http:\/\/www.budo-do-tameshi.de\/cms\/wp-content\/uploads\/2018\/07\/DSC_1126-2.jpg 1466w, http:\/\/www.budo-do-tameshi.de\/cms\/wp-content\/uploads\/2018\/07\/DSC_1126-2-300x221.jpg 300w, http:\/\/www.budo-do-tameshi.de\/cms\/wp-content\/uploads\/2018\/07\/DSC_1126-2-1024x754.jpg 1024w\" sizes=\"(max-width: 1466px) 100vw, 1466px\" \/><\/a><p id=\"caption-attachment-6567\" class=\"wp-caption-text\">Partnerarbeit<\/p><\/div>\n<div id=\"attachment_6568\" style=\"width: 560px\" class=\"wp-caption alignnone\"><a href=\"http:\/\/www.budo-do-tameshi.de\/cms\/wp-content\/uploads\/2018\/07\/DSC_1112-2.jpg\"><img decoding=\"async\" aria-describedby=\"caption-attachment-6568\" class=\"size-full wp-image-6568\" title=\"DSC_1112 (2)\" src=\"http:\/\/www.budo-do-tameshi.de\/cms\/wp-content\/uploads\/2018\/07\/DSC_1112-2.jpg\" alt=\"Partnerarbeit\" width=\"550\" srcset=\"http:\/\/www.budo-do-tameshi.de\/cms\/wp-content\/uploads\/2018\/07\/DSC_1112-2.jpg 1427w, http:\/\/www.budo-do-tameshi.de\/cms\/wp-content\/uploads\/2018\/07\/DSC_1112-2-300x227.jpg 300w, http:\/\/www.budo-do-tameshi.de\/cms\/wp-content\/uploads\/2018\/07\/DSC_1112-2-1024x774.jpg 1024w\" sizes=\"(max-width: 1427px) 100vw, 1427px\" \/><\/a><p id=\"caption-attachment-6568\" class=\"wp-caption-text\">Partnerarbeit<\/p><\/div>\n<div id=\"attachment_6569\" style=\"width: 560px\" class=\"wp-caption alignnone\"><a href=\"http:\/\/www.budo-do-tameshi.de\/cms\/wp-content\/uploads\/2018\/07\/DSC_1145-2.jpg\"><img decoding=\"async\" aria-describedby=\"caption-attachment-6569\" class=\"size-full wp-image-6569\" title=\"DSC_1145 (2)\" src=\"http:\/\/www.budo-do-tameshi.de\/cms\/wp-content\/uploads\/2018\/07\/DSC_1145-2.jpg\" alt=\"Team 2. LK Hessenkader\" width=\"550\" srcset=\"http:\/\/www.budo-do-tameshi.de\/cms\/wp-content\/uploads\/2018\/07\/DSC_1145-2.jpg 1658w, http:\/\/www.budo-do-tameshi.de\/cms\/wp-content\/uploads\/2018\/07\/DSC_1145-2-300x195.jpg 300w, http:\/\/www.budo-do-tameshi.de\/cms\/wp-content\/uploads\/2018\/07\/DSC_1145-2-1024x667.jpg 1024w\" sizes=\"(max-width: 1658px) 100vw, 1658px\" \/><\/a><p id=\"caption-attachment-6569\" class=\"wp-caption-text\">Team 2. LK Hessenkader<\/p><\/div>\n<h4>PF Lehrgang<\/h4>\n<div id=\"attachment_6570\" style=\"width: 560px\" class=\"wp-caption alignnone\"><a href=\"http:\/\/www.budo-do-tameshi.de\/cms\/wp-content\/uploads\/2018\/07\/DSC_1175-2.jpg\"><img decoding=\"async\" aria-describedby=\"caption-attachment-6570\" class=\"size-full wp-image-6570\" title=\"DSC_1175 (2)\" src=\"http:\/\/www.budo-do-tameshi.de\/cms\/wp-content\/uploads\/2018\/07\/DSC_1175-2.jpg\" alt=\"Partnerarbeit\" width=\"550\" srcset=\"http:\/\/www.budo-do-tameshi.de\/cms\/wp-content\/uploads\/2018\/07\/DSC_1175-2.jpg 1640w, http:\/\/www.budo-do-tameshi.de\/cms\/wp-content\/uploads\/2018\/07\/DSC_1175-2-300x197.jpg 300w, http:\/\/www.budo-do-tameshi.de\/cms\/wp-content\/uploads\/2018\/07\/DSC_1175-2-1024x674.jpg 1024w\" sizes=\"(max-width: 1640px) 100vw, 1640px\" \/><\/a><p id=\"caption-attachment-6570\" class=\"wp-caption-text\">Partnerarbeit<\/p><\/div>\n<div id=\"attachment_6571\" style=\"width: 560px\" class=\"wp-caption alignnone\"><a href=\"http:\/\/www.budo-do-tameshi.de\/cms\/wp-content\/uploads\/2018\/07\/DSC_1170-2.jpg\"><img decoding=\"async\" aria-describedby=\"caption-attachment-6571\" class=\"size-full wp-image-6571\" title=\"DSC_1170 (2)\" src=\"http:\/\/www.budo-do-tameshi.de\/cms\/wp-content\/uploads\/2018\/07\/DSC_1170-2.jpg\" alt=\"Partnerarbeit\" width=\"550\" srcset=\"http:\/\/www.budo-do-tameshi.de\/cms\/wp-content\/uploads\/2018\/07\/DSC_1170-2.jpg 1502w, http:\/\/www.budo-do-tameshi.de\/cms\/wp-content\/uploads\/2018\/07\/DSC_1170-2-300x215.jpg 300w, http:\/\/www.budo-do-tameshi.de\/cms\/wp-content\/uploads\/2018\/07\/DSC_1170-2-1024x736.jpg 1024w\" sizes=\"(max-width: 1502px) 100vw, 1502px\" \/><\/a><p id=\"caption-attachment-6571\" class=\"wp-caption-text\">Partnerarbeit<\/p><\/div>\n<div id=\"attachment_6572\" style=\"width: 560px\" class=\"wp-caption alignnone\"><a href=\"http:\/\/www.budo-do-tameshi.de\/cms\/wp-content\/uploads\/2018\/07\/DSC_1185-2.jpg\"><img decoding=\"async\" aria-describedby=\"caption-attachment-6572\" class=\"size-full wp-image-6572\" title=\"DSC_1185 (2)\" src=\"http:\/\/www.budo-do-tameshi.de\/cms\/wp-content\/uploads\/2018\/07\/DSC_1185-2.jpg\" alt=\" Workshop Teilnehmer\" width=\"550\" srcset=\"http:\/\/www.budo-do-tameshi.de\/cms\/wp-content\/uploads\/2018\/07\/DSC_1185-2.jpg 1755w, http:\/\/www.budo-do-tameshi.de\/cms\/wp-content\/uploads\/2018\/07\/DSC_1185-2-300x184.jpg 300w, http:\/\/www.budo-do-tameshi.de\/cms\/wp-content\/uploads\/2018\/07\/DSC_1185-2-1024x630.jpg 1024w\" sizes=\"(max-width: 1755px) 100vw, 1755px\" \/><\/a><p id=\"caption-attachment-6572\" class=\"wp-caption-text\"> Workshop Teilnehmer<\/p><\/div>\n<p>&nbsp;<\/p>\n","protected":false},"excerpt":{"rendered":"<p>LK Hessenkader Am Samstag den 02.05.18 hatten unsere LK Landestrainer Jimmy Iwinski und Oliver Hahl zu uns ins Hessische Leistungszentrum (HLZ) zum 2. LK Hessenkader eingeladen. Insgesamt wurde 5 Stunden intensiv gearbeitet und geschwitzt. Neben den etablierten und erfahrenen K\u00e4mpfern bei den Damen und Herren, waren auch Nachwuchssportlern zum gemeinsamen LK Training nach Darmstadt gekommen. [&hellip;]<\/p>\n","protected":false},"author":3,"featured_media":0,"comment_status":"closed","ping_status":"closed","sticky":false,"template":"","format":"standard","meta":{"footnotes":""},"categories":[26],"tags":[],"class_list":["post-6564","post","type-post","status-publish","format-standard","hentry","category-26"],"_links":{"self":[{"href":"http:\/\/www.budo-do-tameshi.de\/cms\/wp-json\/wp\/v2\/posts\/6564","targetHints":{"allow":["GET"]}}],"collection":[{"href":"http:\/\/www.budo-do-tameshi.de\/cms\/wp-json\/wp\/v2\/posts"}],"about":[{"href":"http:\/\/www.budo-do-tameshi.de\/cms\/wp-json\/wp\/v2\/types\/post"}],"author":[{"embeddable":true,"href":"http:\/\/www.budo-do-tameshi.de\/cms\/wp-json\/wp\/v2\/users\/3"}],"replies":[{"embeddable":true,"href":"http:\/\/www.budo-do-tameshi.de\/cms\/wp-json\/wp\/v2\/comments?post=6564"}],"version-history":[{"count":2,"href":"http:\/\/www.budo-do-tameshi.de\/cms\/wp-json\/wp\/v2\/posts\/6564\/revisions"}],"predecessor-version":[{"id":6574,"href":"http:\/\/www.budo-do-tameshi.de\/cms\/wp-json\/wp\/v2\/posts\/6564\/revisions\/6574"}],"wp:attachment":[{"href":"http:\/\/www.budo-do-tameshi.de\/cms\/wp-json\/wp\/v2\/media?parent=6564"}],"wp:term":[{"taxonomy":"category","embeddable":true,"href":"http:\/\/www.budo-do-tameshi.de\/cms\/wp-json\/wp\/v2\/categories?post=6564"},{"taxonomy":"post_tag","embeddable":true,"href":"http:\/\/www.budo-do-tameshi.de\/cms\/wp-json\/wp\/v2\/tags?post=6564"}],"curies":[{"name":"wp","href":"https:\/\/api.w.org\/{rel}","templated":true}]}}