{"id":4911,"date":"2015-09-09T07:36:52","date_gmt":"2015-09-09T06:36:52","guid":{"rendered":"http:\/\/www.budo-do-tameshi.de\/cms\/?p=4911"},"modified":"2020-05-28T05:59:36","modified_gmt":"2020-05-28T04:59:36","slug":"3-leichtkontakt-hessenkader-und-3-point-fighting-lehrgang","status":"publish","type":"post","link":"http:\/\/www.budo-do-tameshi.de\/cms\/2015\/09\/09\/3-leichtkontakt-hessenkader-und-3-point-fighting-lehrgang\/","title":{"rendered":"Schulungswochenende in Darmstadt<br \/>3. Leichtkontakt Hessenkader und 3. Point Fighting Lehrgang"},"content":{"rendered":"<p><strong>LK Hessenkader<\/strong> <a href=\"http:\/\/www.budo-do-tameshi.de\/cms\/wp-content\/uploads\/2015\/09\/IMG_0075.jpg\"><\/a><a href=\"http:\/\/www.budo-do-tameshi.de\/cms\/wp-content\/uploads\/2015\/09\/IMG_0075-e1441780293786.jpg\"><img loading=\"lazy\" decoding=\"async\" class=\"alignnone size-full wp-image-4912\" style=\"float: right;\" title=\"IMG_0075\" src=\"http:\/\/www.budo-do-tameshi.de\/cms\/wp-content\/uploads\/2015\/09\/IMG_0075-e1441813838566.jpg\" alt=\"\" width=\"198\" height=\"289\" \/><\/a><\/p>\n<p>Die Sommerferien sind zu Ende und die letzten Wettk\u00e4mpfe f\u00fcr dieses Jahr stehen vor der T\u00fcr.<br \/>\nAus diesem Grund hatten am Samstag (05.09.) unsere LK Landestrainer Jimmy Iwinski und Oliver Hahl zum 3. Hessenkader geladen. Insgesamt 28 Sportler waren zum gemeinsamen LK Training nach Darmstadt gekommen. Neben den etablierten und erfahrenen K\u00e4mpfern auch eine Reihe von Nachwuchssportlern.<\/p>\n<p>F\u00fcr alle Teilnehmer war es ein weiterer Schritt in der konsequenten Turniervorbereitung f\u00fcr das 2. Halbjahr 2015 (Manustrophy \/ Deutschlandpokal \/ WM).<\/p>\n<p>Die Schwerpunkte der Trainingsarbeit lagen im koordinativen Bereich um den Bewegungsfluss und die Vielseitigkeit zu<br \/>\n<!--more-->verbessern. Im mentalen Bereich und der Vorbereitung auf den Wettkampf (der Kopf entscheidet, Analyse des Gegners, konsequentes Verhalten) sowie der Trainingsintensit\u00e4t und Effektivit\u00e4t, Beinarbeit, Stabilit\u00e4t, Reaktion, Schnellkraft, Distanzgef\u00fchl, Reichweite, Ausdauer und Kampfkonzeption. Die Umsetzung erfolgte mit und ohne Partner.<\/p>\n<p>Von 12:00 bis 17:00 Uhr wurde 5 Stunden intensiv gearbeitet, geschwitzt und konzentriert gearbeitet.<\/p>\n<p>Den Abschluss des Lehrgangs bildete 15 Runden Sparring in denen die erarbeiteten Konzepte in verschiedenen Aufgabenstellungen umgesetzt werden mussten.<\/p>\n<p>Das Fazit der Trainingsarbeit ist positiv und man kann davon ausgehen, dass unsere Kadersportler gut vorbereitet auf den letzten Turnieren des Jahres an den Start gehen.<br \/>\n<strong><\/strong><\/p>\n<p><strong>PF Lehrgang<\/strong><\/p>\n<p>Am Sonntag (06.09.15) trafen sich unsere Kinder- und Jugendk\u00e4mpfer zum Point Fighting Training. Eingeladen war auch die Jugendk\u00e4mpfer aus Gr\u00e4fenhausen und Schaafheim. Das gemeinsame Training war eine Weiterf\u00fchrung der erarbeiteten Konzepte der letzten Wochen und Monate.<br \/>\nSchwerpunkte des vierst\u00fcndigen Trainings waren neben der Beinarbeit, Schnellkraft, K\u00f6rperspannung und Reaktion, verschiedene Technikvariationen mit passiven und aktiven Verteidigungskonzepten.<br \/>\nDen Abschluss bildeten 9 Runden bedingtes Sparring, mit verschiedenen Aufgaben und wechselnden Partnern.<\/p>\n<p>Fotos: Benjamin Braun \/ Jimmy Iwinski<\/p>\n<p><a href=\"http:\/\/www.budo-do-tameshi.de\/cms\/wp-content\/uploads\/2015\/09\/CIMG2874.jpg\"><img loading=\"lazy\" decoding=\"async\" class=\"alignnone size-full wp-image-4913\" title=\"CIMG2874\" src=\"http:\/\/www.budo-do-tameshi.de\/cms\/wp-content\/uploads\/2015\/09\/CIMG2874-e1441780449556.jpg\" alt=\"\" width=\"560\" height=\"358\" \/><\/a><\/p>\n<p>Partnerarbeit<\/p>\n<p><a href=\"http:\/\/www.budo-do-tameshi.de\/cms\/wp-content\/uploads\/2015\/09\/CIMG2883.jpg\"><img loading=\"lazy\" decoding=\"async\" class=\"alignnone size-full wp-image-4914\" title=\"CIMG2883\" src=\"http:\/\/www.budo-do-tameshi.de\/cms\/wp-content\/uploads\/2015\/09\/CIMG2883-e1441780522868.jpg\" alt=\"\" width=\"560\" height=\"372\" \/><\/a><\/p>\n<p>Partnerarbeit<\/p>\n<p><a href=\"http:\/\/www.budo-do-tameshi.de\/cms\/wp-content\/uploads\/2015\/09\/CIMG2870.jpg\"><img loading=\"lazy\" decoding=\"async\" class=\"alignnone size-full wp-image-4915\" title=\"CIMG2870\" src=\"http:\/\/www.budo-do-tameshi.de\/cms\/wp-content\/uploads\/2015\/09\/CIMG2870-e1441780564695.jpg\" alt=\"\" width=\"560\" height=\"372\" \/><\/a><\/p>\n<p>LK Team<\/p>\n","protected":false},"excerpt":{"rendered":"<p>LK Hessenkader Die Sommerferien sind zu Ende und die letzten Wettk\u00e4mpfe f\u00fcr dieses Jahr stehen vor der T\u00fcr. Aus diesem Grund hatten am Samstag (05.09.) unsere LK Landestrainer Jimmy Iwinski und Oliver Hahl zum 3. Hessenkader geladen. Insgesamt 28 Sportler waren zum gemeinsamen LK Training nach Darmstadt gekommen. Neben den etablierten und erfahrenen K\u00e4mpfern auch [&hellip;]<\/p>\n","protected":false},"author":4,"featured_media":0,"comment_status":"closed","ping_status":"closed","sticky":false,"template":"","format":"standard","meta":{"footnotes":""},"categories":[3],"tags":[],"class_list":["post-4911","post","type-post","status-publish","format-standard","hentry","category-3"],"_links":{"self":[{"href":"http:\/\/www.budo-do-tameshi.de\/cms\/wp-json\/wp\/v2\/posts\/4911","targetHints":{"allow":["GET"]}}],"collection":[{"href":"http:\/\/www.budo-do-tameshi.de\/cms\/wp-json\/wp\/v2\/posts"}],"about":[{"href":"http:\/\/www.budo-do-tameshi.de\/cms\/wp-json\/wp\/v2\/types\/post"}],"author":[{"embeddable":true,"href":"http:\/\/www.budo-do-tameshi.de\/cms\/wp-json\/wp\/v2\/users\/4"}],"replies":[{"embeddable":true,"href":"http:\/\/www.budo-do-tameshi.de\/cms\/wp-json\/wp\/v2\/comments?post=4911"}],"version-history":[{"count":13,"href":"http:\/\/www.budo-do-tameshi.de\/cms\/wp-json\/wp\/v2\/posts\/4911\/revisions"}],"predecessor-version":[{"id":4930,"href":"http:\/\/www.budo-do-tameshi.de\/cms\/wp-json\/wp\/v2\/posts\/4911\/revisions\/4930"}],"wp:attachment":[{"href":"http:\/\/www.budo-do-tameshi.de\/cms\/wp-json\/wp\/v2\/media?parent=4911"}],"wp:term":[{"taxonomy":"category","embeddable":true,"href":"http:\/\/www.budo-do-tameshi.de\/cms\/wp-json\/wp\/v2\/categories?post=4911"},{"taxonomy":"post_tag","embeddable":true,"href":"http:\/\/www.budo-do-tameshi.de\/cms\/wp-json\/wp\/v2\/tags?post=4911"}],"curies":[{"name":"wp","href":"https:\/\/api.w.org\/{rel}","templated":true}]}}