{"id":4815,"date":"2015-06-21T17:38:47","date_gmt":"2015-06-21T16:38:47","guid":{"rendered":"http:\/\/www.budo-do-tameshi.de\/cms\/?p=4815"},"modified":"2020-05-28T05:59:36","modified_gmt":"2020-05-28T04:59:36","slug":"11-titel-fur-fabian-fingerhut-vladislav-kraus-im-nationalkader-kickboxen-deutsche-meisterschaft-2015-in-berlin","status":"publish","type":"post","link":"http:\/\/www.budo-do-tameshi.de\/cms\/2015\/06\/21\/11-titel-fur-fabian-fingerhut-vladislav-kraus-im-nationalkader-kickboxen-deutsche-meisterschaft-2015-in-berlin\/","title":{"rendered":"11. Titel f\u00fcr Fabian Fingerhut<br \/> Vladislav Kraus im Nationalkader"},"content":{"rendered":"<p><a href=\"http:\/\/www.budo-do-tameshi.de\/cms\/wp-content\/uploads\/2015\/06\/CIMG2843.jpg\"><img loading=\"lazy\" decoding=\"async\" class=\"alignnone size-full wp-image-4818\" style=\"float: right;\" title=\"CIMG2843\" src=\"http:\/\/www.budo-do-tameshi.de\/cms\/wp-content\/uploads\/2015\/06\/CIMG2843-e1434865546652.jpg\" alt=\"\" width=\"200\" height=\"317\" \/><\/a><\/p>\n<p><strong>Deutsche Meisterschaft 2015 Berlin<\/strong><\/p>\n<p>Berlin ist eine Reise wert. Das kann unser Wettkampfteam best\u00e4tigen. Mit 18 K\u00e4mpfern (8 Erwachsene \/ 10 Jugendliche), die sich \u00fcber die Bezirks- und Hessenmeisterschaft qualifizieren mussten, ist unser Verein zu den Titelk\u00e4mpfen nach Berlin (12.06. \u00e2\u20ac\u201c 14.06.15) gereist. Die erfolgreiche Bilanz des Wochenende waren 4x Gold, 4x Silber, 6x Bronze, und sechs 5. Pl\u00e4tze.<br \/>\nFast alle BDT Sportler konnten einen Podestplatz und damit eine Medaille erk\u00e4mpfen. Damit geh\u00f6ren die Kickboxer unseres Vereins auch in diesem Jahr wieder zu den erfolgreichsten Clubs in Deutschland.<\/p>\n<p>Bei den Titelk\u00e4mpfen wurden am Wochenende unter den Besten deutschen Kickboxern, in den Disziplinen Point Fighting, Leicht- und Vollkontakt, Musikformen Lowkick und K1 die Meister ermittelt. Es waren \u00fcber 650 K\u00e4mpfer in den verschiedenen Gewichts- und Altersklassen am Start. Die Ergebnisse des Turniers z\u00e4hlen zur Qualifikation f\u00fcr die<br \/>\n<!--more-->Nominierung zur diesj\u00e4hrigen Weltmeisterschaft bei den Erwachsenen und zur Europameisterschaft bei der Jugend.<\/p>\n<p>In der Sporthalle Sch\u00f6neberg in Berlin, erlebten die Zuschauer spannende und sehr interessante K\u00e4mpfe auf h\u00f6chstem Niveau.<br \/>\nZus\u00e4tzlich kam eine neue Turniersoftware zum Einsatz so dass die K\u00e4mpfe auch  im Internet per Livestream verfolgt werden konnten.<br \/>\nBetreut wurde das gro\u00dfe BDT Team von den Landestrainern Jimmy Iwinski und Oliver Hahl.<\/p>\n<p>Am ersten Kampftag ermittelte die Jugend ihre Meister. Die Darmst\u00e4dter Nachwuchsk\u00e4mpfer pr\u00e4sentierten sich in hervorragender Form und konnten voll \u00fcberzeugen. Im Point Fighting und Leichtkontakt konnten sie ihr sehr gutes Niveau mit variable Technik und guter Kampfgestaltung unter Beweis stellen.<\/p>\n<p>Erfolgreichster BDT K\u00e4mpfer, mit Gold im Leichtkontakt  und Silber im Point Fighting (- 47 Kg) war der vierfache Internationale Deutsche Meister Vladislav Kraus. Das junge BDT Spitzenk\u00e4mpfer dominierte im Leichtkontakt seine Gewichtsklasse und gewann Gold. Im Point Fighting musste er sich nach sehr guter Leistung im Finale knapp geschlagen geben und gewann Silber. Auf Grund seiner sehr guten Leistungen in den letzten Turnieren, wurde Vladislav zus\u00e4tzlich in den Nationalkader berufen.<\/p>\n<p>Beste K\u00e4mpferin bei den Juniorinnen im Point Fighting war das Ausnahmetalent Anna-Lena Kuhn. Mit blitzschnellen Faust und Fu\u00dftechniken dominierte sie das Finale bis 65 Kg gegen ihre fr\u00fchere Vereinskameradin Kaja Jurak (Dortelweil). Bei klarer F\u00fchrung von Anna-Lena musste der Kampf wegen einer Verletzung von Kaja Jurak leider vorzeitig abgebrochen werden, was aber den verdienten Sieg und die Goldmedaille f\u00fcr Anna-Lena in keiner  Weise schm\u00e4lerte.<\/p>\n<p>Ebenfalls im Point Fighting erk\u00e4mpfte sich Adriana Colic eine Silbermedaille. F\u00fcr sie war es die erste Deutschen Meisterschaft. Mit gro\u00dfem Siegeswillen und taktischem Geschick erreichte sie in der Gewichtsklasse + 47 Kg das Finale und musste sich erst hier geschlagen geben.<\/p>\n<p>Stark verbessert und top fit pr\u00e4sentierte sich Lisa Cymanek. Gegen starke Konkurrenz erreichte sie das Finale bis 55 Kg. Auch wenn es zum Sieg nicht ganz reichte, konnte sie sich \u00fcber die Silbermedaille freuen.<\/p>\n<p>Eine weitere Silbermedaille erk\u00e4mpfe sich mit guten Leistungen bei den Juniorinnen bis 70 Kg Melisa-Kiraz \u00d6zyalcin.<\/p>\n<p>Weitere Pl\u00e4tze auf dem Podest und Bronze erk\u00e4mpften sich Shari Chheena (- 60 Kg) Dzejla Rovcanin (+ 65Kg) und bei den Junioren im Leichtkontakt der sehr talentierte Niklas Walter.<\/p>\n<p>Antonia Becker (-28 Kg) und Jaro Meffert (-47Kg) scheiterten trotz guter Leistungen im Viertelfinale und belegten den 5.Platz.<\/p>\n<p>Am zweiten Kampftag bei den Damen und Herren, konnten auch die erfahrenen Darmst\u00e4dter Sportler im Kampf um die Medaillen \u00fcberzeugen.<\/p>\n<p>Im Leichtkontakt war wieder einmal einer der herausragenden Sportler dieser Titelk\u00e4mpfe  unser Weltmeister und Sportler des Jahres, Fabian Fingerhut. Er dominierte erneut die Gewichtsklasse bis 89 Kg. Sein Gegner im Finale war der K\u00f6lner Nationalk\u00e4mpfer Nico Gabriel, der versuchte sich den druckvollen Angriffen des Weltmeisters zu stellen und eigene Treffer zu setzen. Fabian lie\u00df sich allerdings nicht beeindrucken blieb konzentriert und setzte mit seiner variablen Technik Punkt f\u00fcr Punkt. Mit zunehmender Kampfzeit wurde seine \u00dcberlegenheit immer deutlicher und so konnte sich Fabian Fingerhut in \u00fcberzeugender Weise den 11. Meistertitel in Folge sichern.<\/p>\n<p>Genau so erfreulich war der Auftritt der BDT K\u00e4mpfer in der Gewichtsklasse + 94 Kg, wo sie den ersten und dritten Platz belegten. Wie schon im letzten Jahr dominieren die Darmst\u00e4dter Sportler diese Gewichtsklasse. In einem spannenden Finale sicherte sich Nationalk\u00e4mpfer Benjamin Braun den Titel gegen den starken Stephan Tix. Bronze ging an Jens Peter, der erst im Halbfinale knapp scheiterte.<\/p>\n<p>Zwei weitere Bronzemedaillen erk\u00e4mpfte sich Tanja Bieberich. Sie ging in der Gewichtsklasse bis 60 Kg im Leicht- und Vollkontakt an den Start. Auch wenn sie im Halbfinale knapp scheiterte, war das BDT Trainerteam mit ihrer Leistung hoch zufrieden.<\/p>\n<p>Mit Jakob Veith und Abdelaziz Fakkar waren in diesem Jahr zwei weitere BDT Sportler bis 89 Kg am Start. Sie zeigten gute Leistungen, scheiterten aber knapp im Viertelfinale und belegten beide den 5. Platz<br \/>\nKarim Asad (- 69Kg) und Hans von Soest (- 74Kg) schieden ebenfalls im Viertelfinale aus und belegten ebenfalls den 5. Platz.<\/p>\n<p>Der n\u00e4chste wichtige Termin f\u00fcr unsere Sportler ist in zwei Wochen (Sonntag 28.06.15) das Sport &amp; Spielfest im Herrengarten, wo wir unseren Sport in verschiedenen Vorf\u00fchrungen demonstrieren werden.<\/p>\n<p>Fotos: Christian Habel \/ Jasmin Braun<br \/>\n<a href=\"http:\/\/www.budo-do-tameshi.de\/cms\/wp-content\/uploads\/2015\/06\/DSC_8538.jpg\"><img loading=\"lazy\" decoding=\"async\" class=\"alignnone size-full wp-image-4817\" title=\"DSC_8538\" src=\"http:\/\/www.budo-do-tameshi.de\/cms\/wp-content\/uploads\/2015\/06\/DSC_8538-e1434865489309.jpg\" alt=\"\" width=\"560\" height=\"373\" \/><\/a><br \/>\nSch\u00f6neberger Sporthalle in Berlin<\/p>\n<p><a href=\"http:\/\/www.budo-do-tameshi.de\/cms\/wp-content\/uploads\/2015\/06\/DSC_6237.jpg\"><img loading=\"lazy\" decoding=\"async\" class=\"alignnone size-full wp-image-4819\" title=\"DSC_6237\" src=\"http:\/\/www.budo-do-tameshi.de\/cms\/wp-content\/uploads\/2015\/06\/DSC_6237-e1434865606151.jpg\" alt=\"\" width=\"560\" height=\"373\" \/><\/a><br \/>\nAntonia (links) zeigt gro\u00dfen Kampfgeist<\/p>\n<p><a href=\"http:\/\/www.budo-do-tameshi.de\/cms\/wp-content\/uploads\/2015\/06\/DSC_6549.jpg\"><img loading=\"lazy\" decoding=\"async\" class=\"alignnone size-full wp-image-4820\" title=\"DSC_6549\" src=\"http:\/\/www.budo-do-tameshi.de\/cms\/wp-content\/uploads\/2015\/06\/DSC_6549-e1434865678883.jpg\" alt=\"\" width=\"560\" height=\"373\" \/><\/a><br \/>\nLisa (rechts) setzt sich durch<\/p>\n<p><a href=\"http:\/\/www.budo-do-tameshi.de\/cms\/wp-content\/uploads\/2015\/06\/DSC_6424.jpg\"><img loading=\"lazy\" decoding=\"async\" class=\"alignnone size-full wp-image-4821\" title=\"DSC_6424\" src=\"http:\/\/www.budo-do-tameshi.de\/cms\/wp-content\/uploads\/2015\/06\/DSC_6424-e1434865766340.jpg\" alt=\"\" width=\"560\" height=\"373\" \/><\/a><br \/>\nLisa (rechts) gewinnt Silber<\/p>\n<p><a href=\"http:\/\/www.budo-do-tameshi.de\/cms\/wp-content\/uploads\/2015\/06\/DSC_6614.jpg\"><img loading=\"lazy\" decoding=\"async\" class=\"alignnone size-full wp-image-4823\" title=\"DSC_6614\" src=\"http:\/\/www.budo-do-tameshi.de\/cms\/wp-content\/uploads\/2015\/06\/DSC_6614-e1434865813451.jpg\" alt=\"\" width=\"560\" height=\"373\" \/><\/a><\/p>\n<p>Shari (links) macht Druck<\/p>\n<p><a href=\"http:\/\/www.budo-do-tameshi.de\/cms\/wp-content\/uploads\/2015\/06\/DSC_6606.jpg\"><img loading=\"lazy\" decoding=\"async\" class=\"alignnone size-full wp-image-4824\" title=\"DSC_6606\" src=\"http:\/\/www.budo-do-tameshi.de\/cms\/wp-content\/uploads\/2015\/06\/DSC_6606-e1434865854153.jpg\" alt=\"\" width=\"560\" height=\"373\" \/><\/a><\/p>\n<p>Shari (links) gewinnt Bronze<\/p>\n<p><a href=\"http:\/\/www.budo-do-tameshi.de\/cms\/wp-content\/uploads\/2015\/06\/DSC_6789.jpg\"><img loading=\"lazy\" decoding=\"async\" class=\"alignnone size-full wp-image-4825\" title=\"DSC_6789\" src=\"http:\/\/www.budo-do-tameshi.de\/cms\/wp-content\/uploads\/2015\/06\/DSC_6789-e1434865907931.jpg\" alt=\"\" width=\"560\" height=\"373\" \/><\/a><\/p>\n<p>Adriana (links) zeigt ihr Talent<\/p>\n<p><a href=\"http:\/\/www.budo-do-tameshi.de\/cms\/wp-content\/uploads\/2015\/06\/DSC_6806.jpg\"><img loading=\"lazy\" decoding=\"async\" class=\"alignnone size-full wp-image-4826\" title=\"DSC_6806\" src=\"http:\/\/www.budo-do-tameshi.de\/cms\/wp-content\/uploads\/2015\/06\/DSC_6806-e1434865965724.jpg\" alt=\"\" width=\"560\" height=\"373\" \/><\/a><\/p>\n<p>Adriana (links) gewinnt Silber<\/p>\n<p><a href=\"http:\/\/www.budo-do-tameshi.de\/cms\/wp-content\/uploads\/2015\/06\/DSC_6703.jpg\"><img loading=\"lazy\" decoding=\"async\" class=\"alignnone size-full wp-image-4827\" title=\"DSC_6703\" src=\"http:\/\/www.budo-do-tameshi.de\/cms\/wp-content\/uploads\/2015\/06\/DSC_6703-e1434866004325.jpg\" alt=\"\" width=\"560\" height=\"373\" \/><\/a><\/p>\n<p>Jaro (links) mit schneller Faust<\/p>\n<p><a href=\"http:\/\/www.budo-do-tameshi.de\/cms\/wp-content\/uploads\/2015\/06\/DSC_7320.jpg\"><img loading=\"lazy\" decoding=\"async\" class=\"alignnone size-full wp-image-4828\" title=\"DSC_7320\" src=\"http:\/\/www.budo-do-tameshi.de\/cms\/wp-content\/uploads\/2015\/06\/DSC_7320-e1434866037751.jpg\" alt=\"\" width=\"560\" height=\"373\" \/><\/a><\/p>\n<p>Melisa (rechts) erk\u00e4mpft sich Silber<\/p>\n<p><a href=\"http:\/\/www.budo-do-tameshi.de\/cms\/wp-content\/uploads\/2015\/06\/DSC_6889.jpg\"><img loading=\"lazy\" decoding=\"async\" class=\"alignnone size-full wp-image-4829\" title=\"DSC_6889\" src=\"http:\/\/www.budo-do-tameshi.de\/cms\/wp-content\/uploads\/2015\/06\/DSC_6889-e1434866069490.jpg\" alt=\"\" width=\"560\" height=\"373\" \/><\/a><\/p>\n<p>Niklas (rechts) gewinnt Bronze<\/p>\n<p><a href=\"http:\/\/www.budo-do-tameshi.de\/cms\/wp-content\/uploads\/2015\/06\/DSC_7412.jpg\"><img loading=\"lazy\" decoding=\"async\" class=\"alignnone size-full wp-image-4830\" title=\"DSC_7412\" src=\"http:\/\/www.budo-do-tameshi.de\/cms\/wp-content\/uploads\/2015\/06\/DSC_7412-e1434866105194.jpg\" alt=\"\" width=\"560\" height=\"373\" \/><\/a><\/p>\n<p>Vladislav (links) dominiert<\/p>\n<p><a href=\"http:\/\/www.budo-do-tameshi.de\/cms\/wp-content\/uploads\/2015\/06\/DSC_7414.jpg\"><img loading=\"lazy\" decoding=\"async\" class=\"alignnone size-full wp-image-4831\" title=\"DSC_7414\" src=\"http:\/\/www.budo-do-tameshi.de\/cms\/wp-content\/uploads\/2015\/06\/DSC_7414-e1434866152922.jpg\" alt=\"\" width=\"560\" height=\"373\" \/><\/a><\/p>\n<p>Vladislav (links) gewinnt im LK Gold<\/p>\n<p><a href=\"http:\/\/www.budo-do-tameshi.de\/cms\/wp-content\/uploads\/2015\/06\/DSC_7625.jpg\"><img loading=\"lazy\" decoding=\"async\" class=\"alignnone size-full wp-image-4842\" title=\"DSC_7625\" src=\"http:\/\/www.budo-do-tameshi.de\/cms\/wp-content\/uploads\/2015\/06\/DSC_7625-e1435170571849.jpg\" alt=\"\" width=\"560\" height=\"373\" \/><\/a><\/p>\n<p>Vladislav (links) gewinnt im PF Silber<\/p>\n<p><a href=\"http:\/\/www.budo-do-tameshi.de\/cms\/wp-content\/uploads\/2015\/06\/DSC_8705.jpg\"><img loading=\"lazy\" decoding=\"async\" class=\"alignnone size-full wp-image-4843\" title=\"DSC_8705\" src=\"http:\/\/www.budo-do-tameshi.de\/cms\/wp-content\/uploads\/2015\/06\/DSC_8705-e1435170617756.jpg\" alt=\"\" width=\"560\" height=\"373\" \/><\/a><\/p>\n<p>Tanja (links) gewinnt im VK und LK Bronze<\/p>\n<p><a href=\"http:\/\/www.budo-do-tameshi.de\/cms\/wp-content\/uploads\/2015\/06\/DSC_8109.jpg\"><img loading=\"lazy\" decoding=\"async\" class=\"alignnone size-full wp-image-4844\" title=\"DSC_8109\" src=\"http:\/\/www.budo-do-tameshi.de\/cms\/wp-content\/uploads\/2015\/06\/DSC_8109-e1435170674547.jpg\" alt=\"\" width=\"560\" height=\"373\" \/><\/a><\/p>\n<p>Hans (links) scheitert im Viertelfinale<\/p>\n<p><a href=\"http:\/\/www.budo-do-tameshi.de\/cms\/wp-content\/uploads\/2015\/06\/DSC_9617.jpg\"><img loading=\"lazy\" decoding=\"async\" class=\"alignnone size-full wp-image-4845\" title=\"DSC_9617\" src=\"http:\/\/www.budo-do-tameshi.de\/cms\/wp-content\/uploads\/2015\/06\/DSC_9617-e1435170735986.jpg\" alt=\"\" width=\"560\" height=\"373\" \/><\/a><\/p>\n<p>Aziz (rechts) unterliegt knapp<\/p>\n<p><a href=\"http:\/\/www.budo-do-tameshi.de\/cms\/wp-content\/uploads\/2015\/06\/DSC_9498.jpg\"><img loading=\"lazy\" decoding=\"async\" class=\"alignnone size-full wp-image-4846\" title=\"DSC_9498\" src=\"http:\/\/www.budo-do-tameshi.de\/cms\/wp-content\/uploads\/2015\/06\/DSC_9498-e1435170793790.jpg\" alt=\"\" width=\"560\" height=\"373\" \/><\/a><\/p>\n<p>Klare Faust von Aziz (links)<\/p>\n<p><a href=\"http:\/\/www.budo-do-tameshi.de\/cms\/wp-content\/uploads\/2015\/06\/IMG_0547.jpg\"><img loading=\"lazy\" decoding=\"async\" class=\"alignnone size-full wp-image-4847\" title=\"IMG_0547\" src=\"http:\/\/www.budo-do-tameshi.de\/cms\/wp-content\/uploads\/2015\/06\/IMG_0547-e1435170849558.jpg\" alt=\"\" width=\"560\" height=\"373\" \/><\/a><\/p>\n<p>Jens (links) macht Druck<\/p>\n<p><a href=\"http:\/\/www.budo-do-tameshi.de\/cms\/wp-content\/uploads\/2015\/06\/IMG_0657.jpg\"><img loading=\"lazy\" decoding=\"async\" class=\"alignnone size-full wp-image-4848\" title=\"IMG_0657\" src=\"http:\/\/www.budo-do-tameshi.de\/cms\/wp-content\/uploads\/2015\/06\/IMG_0657-e1435170883510.jpg\" alt=\"\" width=\"560\" height=\"373\" \/><\/a><\/p>\n<p>Jens (links) gewinnt Bronze<\/p>\n<p><a href=\"http:\/\/www.budo-do-tameshi.de\/cms\/wp-content\/uploads\/2015\/06\/DSC_9791.jpg\"><img loading=\"lazy\" decoding=\"async\" class=\"alignnone size-full wp-image-4849\" title=\"DSC_9791\" src=\"http:\/\/www.budo-do-tameshi.de\/cms\/wp-content\/uploads\/2015\/06\/DSC_9791-e1435170916437.jpg\" alt=\"\" width=\"560\" height=\"373\" \/><\/a><\/p>\n<p>Jakob (rechts) unterliegt im Viertelfinale<\/p>\n<p><a href=\"http:\/\/www.budo-do-tameshi.de\/cms\/wp-content\/uploads\/2015\/06\/IMG_0153.jpg\"><img loading=\"lazy\" decoding=\"async\" class=\"alignnone size-full wp-image-4850\" title=\"IMG_0153\" src=\"http:\/\/www.budo-do-tameshi.de\/cms\/wp-content\/uploads\/2015\/06\/IMG_0153-e1435170984348.jpg\" alt=\"\" width=\"560\" height=\"373\" \/><\/a><\/p>\n<p>Karim (links) unterliegt im Viertelfinale<\/p>\n<p><a href=\"http:\/\/www.budo-do-tameshi.de\/cms\/wp-content\/uploads\/2015\/06\/DSC_9892.jpg\"><img loading=\"lazy\" decoding=\"async\" class=\"alignnone size-full wp-image-4851\" title=\"DSC_9892\" src=\"http:\/\/www.budo-do-tameshi.de\/cms\/wp-content\/uploads\/2015\/06\/DSC_9892-e1435171025782.jpg\" alt=\"\" width=\"560\" height=\"373\" \/><\/a><\/p>\n<p>Fabian (links) dominiert<\/p>\n<p><a href=\"http:\/\/www.budo-do-tameshi.de\/cms\/wp-content\/uploads\/2015\/06\/IMG_0970.jpg\"><img loading=\"lazy\" decoding=\"async\" class=\"alignnone size-full wp-image-4852\" title=\"IMG_0970\" src=\"http:\/\/www.budo-do-tameshi.de\/cms\/wp-content\/uploads\/2015\/06\/IMG_0970-e1435171061829.jpg\" alt=\"\" width=\"560\" height=\"373\" \/><\/a><\/p>\n<p>Fabian (links) gewinnt seinen 11. Titel in Folge.<\/p>\n<p><a href=\"http:\/\/www.budo-do-tameshi.de\/cms\/wp-content\/uploads\/2015\/06\/DSC_9296.jpg\"><img loading=\"lazy\" decoding=\"async\" class=\"alignnone size-full wp-image-4853\" title=\"DSC_9296\" src=\"http:\/\/www.budo-do-tameshi.de\/cms\/wp-content\/uploads\/2015\/06\/DSC_9296-e1435171101492.jpg\" alt=\"\" width=\"560\" height=\"373\" \/><\/a><\/p>\n<p>Benjamin (links) will den Sieg<\/p>\n<p><a href=\"http:\/\/www.budo-do-tameshi.de\/cms\/wp-content\/uploads\/2015\/06\/DSC_0536.jpg\"><img loading=\"lazy\" decoding=\"async\" class=\"alignnone size-full wp-image-4854\" title=\"DSC_0536\" src=\"http:\/\/www.budo-do-tameshi.de\/cms\/wp-content\/uploads\/2015\/06\/DSC_0536-e1435171147105.jpg\" alt=\"\" width=\"560\" height=\"373\" \/><\/a><\/p>\n<p>Benjamin (rechts) gewinnt Gold<\/p>\n<p><a href=\"http:\/\/www.budo-do-tameshi.de\/cms\/wp-content\/uploads\/2015\/06\/R-DSC_0007.jpg\"><img loading=\"lazy\" decoding=\"async\" class=\"alignnone size-full wp-image-4855\" title=\"R-DSC_0007\" src=\"http:\/\/www.budo-do-tameshi.de\/cms\/wp-content\/uploads\/2015\/06\/R-DSC_0007-e1435171186835.jpg\" alt=\"\" width=\"560\" height=\"373\" \/><\/a><\/p>\n<p>Erfolgreiches BDT Jugendteam \u00e2\u20ac\u201c 2x Gold \/ 4x Silber \/ 3x Bronze und 2x 5. Platz<\/p>\n<p><a href=\"http:\/\/www.budo-do-tameshi.de\/cms\/wp-content\/uploads\/2015\/06\/DSC_7760.jpg\"><img loading=\"lazy\" decoding=\"async\" class=\"alignnone size-full wp-image-4856\" title=\"DSC_7760\" src=\"http:\/\/www.budo-do-tameshi.de\/cms\/wp-content\/uploads\/2015\/06\/DSC_7760-e1435171222296.jpg\" alt=\"\" width=\"560\" height=\"373\" \/><\/a><\/p>\n<p>Erfolgreiches BDT Erwachsenenteam \u00e2\u20ac\u201c 2- Gold \/ 3x Bronze und 4x 5. Platz<\/p>\n","protected":false},"excerpt":{"rendered":"<p>Deutsche Meisterschaft 2015 Berlin Berlin ist eine Reise wert. Das kann unser Wettkampfteam best\u00e4tigen. Mit 18 K\u00e4mpfern (8 Erwachsene \/ 10 Jugendliche), die sich \u00fcber die Bezirks- und Hessenmeisterschaft qualifizieren mussten, ist unser Verein zu den Titelk\u00e4mpfen nach Berlin (12.06. \u00e2\u20ac\u201c 14.06.15) gereist. Die erfolgreiche Bilanz des Wochenende waren 4x Gold, 4x Silber, 6x Bronze, [&hellip;]<\/p>\n","protected":false},"author":4,"featured_media":0,"comment_status":"closed","ping_status":"closed","sticky":false,"template":"","format":"standard","meta":{"footnotes":""},"categories":[3],"tags":[],"class_list":["post-4815","post","type-post","status-publish","format-standard","hentry","category-3"],"_links":{"self":[{"href":"http:\/\/www.budo-do-tameshi.de\/cms\/wp-json\/wp\/v2\/posts\/4815","targetHints":{"allow":["GET"]}}],"collection":[{"href":"http:\/\/www.budo-do-tameshi.de\/cms\/wp-json\/wp\/v2\/posts"}],"about":[{"href":"http:\/\/www.budo-do-tameshi.de\/cms\/wp-json\/wp\/v2\/types\/post"}],"author":[{"embeddable":true,"href":"http:\/\/www.budo-do-tameshi.de\/cms\/wp-json\/wp\/v2\/users\/4"}],"replies":[{"embeddable":true,"href":"http:\/\/www.budo-do-tameshi.de\/cms\/wp-json\/wp\/v2\/comments?post=4815"}],"version-history":[{"count":12,"href":"http:\/\/www.budo-do-tameshi.de\/cms\/wp-json\/wp\/v2\/posts\/4815\/revisions"}],"predecessor-version":[{"id":7139,"href":"http:\/\/www.budo-do-tameshi.de\/cms\/wp-json\/wp\/v2\/posts\/4815\/revisions\/7139"}],"wp:attachment":[{"href":"http:\/\/www.budo-do-tameshi.de\/cms\/wp-json\/wp\/v2\/media?parent=4815"}],"wp:term":[{"taxonomy":"category","embeddable":true,"href":"http:\/\/www.budo-do-tameshi.de\/cms\/wp-json\/wp\/v2\/categories?post=4815"},{"taxonomy":"post_tag","embeddable":true,"href":"http:\/\/www.budo-do-tameshi.de\/cms\/wp-json\/wp\/v2\/tags?post=4815"}],"curies":[{"name":"wp","href":"https:\/\/api.w.org\/{rel}","templated":true}]}}